{"id":6641,"date":"2021-04-16T14:19:06","date_gmt":"2021-04-16T12:19:06","guid":{"rendered":"https:\/\/sites.ffkarate.fr\/paysdelaloire\/?post_type=news&amp;p=6641"},"modified":"2021-04-16T14:19:06","modified_gmt":"2021-04-16T12:19:06","slug":"2nd-open-regional-e-kata-taolu-et-quyen","status":"publish","type":"post","link":"https:\/\/sites.ffkarate.fr\/paysdelaloire\/2021\/04\/16\/2nd-open-regional-e-kata-taolu-et-quyen\/","title":{"rendered":"2nd Open r\u00e9gional E-Kata, Taolu et Quyen"},"content":{"rendered":"<div class=\"wpb-content-wrapper\"><p>[vc_row][vc_column][vc_column_text]En raison de la crise sanitaire, la ligue des Pays de la Loire organise une comp\u00e9tition technique<a href=\"https:\/\/sites.ffkarate.fr\/paysdelaloire\/wp-content\/uploads\/sites\/120\/2021\/04\/2nd-CR-E-Kata.jpg\"><img decoding=\"async\" class=\" size-medium wp-image-6640 alignright\" src=\"https:\/\/sites.ffkarate.fr\/paysdelaloire\/wp-content\/uploads\/sites\/120\/2021\/04\/2nd-CR-E-Kata-194x300.jpg\" alt=\"2nd CR E-Kata\" width=\"194\" height=\"300\" \/><\/a> en ligne. Fort du succ\u00e8s de la premi\u00e8re \u00e9dition, ce deuxi\u00e8me volet s&rsquo;ouvre aux disciplines associ\u00e9es.<br \/>\nLes inscriptions sont ouvertes et les modalit\u00e9s se trouvent dans le calendrier.[\/vc_column_text][\/vc_column][\/vc_row]<\/p>\n<\/div>","protected":false},"excerpt":{"rendered":"<p>[vc_row][vc_column][vc_column_text]En raison de la crise sanitaire, la ligue des Pays de la Loire organise une comp\u00e9tition technique en ligne. Fort du succ\u00e8s de la premi\u00e8re \u00e9dition, ce deuxi\u00e8me volet s&rsquo;ouvre aux disciplines associ\u00e9es. Les inscriptions sont ouvertes et les modalit\u00e9s se trouvent dans le calendrier.[\/vc_column_text][\/vc_column][\/vc_row]<\/p>\n","protected":false},"author":132,"featured_media":6640,"comment_status":"closed","ping_status":"closed","sticky":false,"template":"","format":"standard","meta":{"footnotes":""},"categories":[1],"tags":[],"class_list":["post-6641","post","type-post","status-publish","format-standard","hentry","category-non-classe"],"_links":{"self":[{"href":"https:\/\/sites.ffkarate.fr\/paysdelaloire\/wp-json\/wp\/v2\/posts\/6641","targetHints":{"allow":["GET"]}}],"collection":[{"href":"https:\/\/sites.ffkarate.fr\/paysdelaloire\/wp-json\/wp\/v2\/posts"}],"about":[{"href":"https:\/\/sites.ffkarate.fr\/paysdelaloire\/wp-json\/wp\/v2\/types\/post"}],"author":[{"embeddable":true,"href":"https:\/\/sites.ffkarate.fr\/paysdelaloire\/wp-json\/wp\/v2\/users\/132"}],"replies":[{"embeddable":true,"href":"https:\/\/sites.ffkarate.fr\/paysdelaloire\/wp-json\/wp\/v2\/comments?post=6641"}],"version-history":[{"count":0,"href":"https:\/\/sites.ffkarate.fr\/paysdelaloire\/wp-json\/wp\/v2\/posts\/6641\/revisions"}],"wp:featuredmedia":[{"embeddable":true,"href":"https:\/\/sites.ffkarate.fr\/paysdelaloire\/wp-json\/wp\/v2\/media\/6640"}],"wp:attachment":[{"href":"https:\/\/sites.ffkarate.fr\/paysdelaloire\/wp-json\/wp\/v2\/media?parent=6641"}],"wp:term":[{"taxonomy":"category","embeddable":true,"href":"https:\/\/sites.ffkarate.fr\/paysdelaloire\/wp-json\/wp\/v2\/categories?post=6641"},{"taxonomy":"post_tag","embeddable":true,"href":"https:\/\/sites.ffkarate.fr\/paysdelaloire\/wp-json\/wp\/v2\/tags?post=6641"}],"curies":[{"name":"wp","href":"https:\/\/api.w.org\/{rel}","templated":true}]}}