{"id":6752,"date":"2021-09-08T22:04:10","date_gmt":"2021-09-08T20:04:10","guid":{"rendered":"https:\/\/sites.ffkarate.fr\/paysdelaloire\/?p=6752"},"modified":"2021-09-13T11:22:59","modified_gmt":"2021-09-13T09:22:59","slug":"stage-elite-annule","status":"publish","type":"post","link":"https:\/\/sites.ffkarate.fr\/paysdelaloire\/2021\/09\/08\/stage-elite-annule\/","title":{"rendered":"Stage Elite R\u00e9gional avec Franck Chantalou"},"content":{"rendered":"<div class=\"wpb-content-wrapper\"><p>[vc_row][vc_column][vc_column_text]Le stage \u00e9lite initialement pr\u00e9vu le 12 septembre est report\u00e9 au dimanche 19 septembre. Ce stage sera dirig\u00e9 par Franck Chantalou. Il se d\u00e9roule sur toute la journ\u00e9e. Repas non fourni.<\/p>\n<p>&nbsp;<\/p>\n<p><img decoding=\"async\" class=\"size-medium wp-image-6756 aligncenter\" src=\"https:\/\/sites.ffkarate.fr\/paysdelaloire\/wp-content\/uploads\/sites\/120\/2021\/08\/Affiche-stage-elite-19_091-194x300.jpg\" alt=\"\" width=\"194\" height=\"300\" srcset=\"https:\/\/sites.ffkarate.fr\/paysdelaloire\/wp-content\/uploads\/sites\/120\/2021\/08\/Affiche-stage-elite-19_091-194x300.jpg 194w, https:\/\/sites.ffkarate.fr\/paysdelaloire\/wp-content\/uploads\/sites\/120\/2021\/08\/Affiche-stage-elite-19_091-663x1024.jpg 663w, https:\/\/sites.ffkarate.fr\/paysdelaloire\/wp-content\/uploads\/sites\/120\/2021\/08\/Affiche-stage-elite-19_091-768x1187.jpg 768w, https:\/\/sites.ffkarate.fr\/paysdelaloire\/wp-content\/uploads\/sites\/120\/2021\/08\/Affiche-stage-elite-19_091-994x1536.jpg 994w, https:\/\/sites.ffkarate.fr\/paysdelaloire\/wp-content\/uploads\/sites\/120\/2021\/08\/Affiche-stage-elite-19_091-1325x2048.jpg 1325w, https:\/\/sites.ffkarate.fr\/paysdelaloire\/wp-content\/uploads\/sites\/120\/2021\/08\/Affiche-stage-elite-19_091-scaled.jpg 1656w\" sizes=\"(max-width: 194px) 100vw, 194px\" \/>[\/vc_column_text][\/vc_column][\/vc_row]<\/p>\n<\/div>","protected":false},"excerpt":{"rendered":"<p>[vc_row][vc_column][vc_column_text]Le stage \u00e9lite initialement pr\u00e9vu le 12 septembre est report\u00e9 au dimanche 19 septembre. Ce stage sera dirig\u00e9 par Franck Chantalou. Il se d\u00e9roule sur toute la journ\u00e9e. Repas non fourni. &nbsp; [\/vc_column_text][\/vc_column][\/vc_row]<\/p>\n","protected":false},"author":192,"featured_media":6756,"comment_status":"closed","ping_status":"closed","sticky":false,"template":"","format":"standard","meta":{"footnotes":""},"categories":[5],"tags":[],"class_list":["post-6752","post","type-post","status-publish","format-standard","hentry","category-actualites"],"_links":{"self":[{"href":"https:\/\/sites.ffkarate.fr\/paysdelaloire\/wp-json\/wp\/v2\/posts\/6752","targetHints":{"allow":["GET"]}}],"collection":[{"href":"https:\/\/sites.ffkarate.fr\/paysdelaloire\/wp-json\/wp\/v2\/posts"}],"about":[{"href":"https:\/\/sites.ffkarate.fr\/paysdelaloire\/wp-json\/wp\/v2\/types\/post"}],"author":[{"embeddable":true,"href":"https:\/\/sites.ffkarate.fr\/paysdelaloire\/wp-json\/wp\/v2\/users\/192"}],"replies":[{"embeddable":true,"href":"https:\/\/sites.ffkarate.fr\/paysdelaloire\/wp-json\/wp\/v2\/comments?post=6752"}],"version-history":[{"count":2,"href":"https:\/\/sites.ffkarate.fr\/paysdelaloire\/wp-json\/wp\/v2\/posts\/6752\/revisions"}],"predecessor-version":[{"id":6757,"href":"https:\/\/sites.ffkarate.fr\/paysdelaloire\/wp-json\/wp\/v2\/posts\/6752\/revisions\/6757"}],"wp:featuredmedia":[{"embeddable":true,"href":"https:\/\/sites.ffkarate.fr\/paysdelaloire\/wp-json\/wp\/v2\/media\/6756"}],"wp:attachment":[{"href":"https:\/\/sites.ffkarate.fr\/paysdelaloire\/wp-json\/wp\/v2\/media?parent=6752"}],"wp:term":[{"taxonomy":"category","embeddable":true,"href":"https:\/\/sites.ffkarate.fr\/paysdelaloire\/wp-json\/wp\/v2\/categories?post=6752"},{"taxonomy":"post_tag","embeddable":true,"href":"https:\/\/sites.ffkarate.fr\/paysdelaloire\/wp-json\/wp\/v2\/tags?post=6752"}],"curies":[{"name":"wp","href":"https:\/\/api.w.org\/{rel}","templated":true}]}}