{"id":7922,"date":"2024-10-05T01:43:18","date_gmt":"2024-10-04T23:43:18","guid":{"rendered":"https:\/\/sites.ffkarate.fr\/paysdelaloire\/?p=7922"},"modified":"2024-12-11T10:37:33","modified_gmt":"2024-12-11T09:37:33","slug":"hommage-a-monsieur-claude-boucabeille","status":"publish","type":"post","link":"https:\/\/sites.ffkarate.fr\/paysdelaloire\/2024\/10\/05\/hommage-a-monsieur-claude-boucabeille\/","title":{"rendered":"Hommage \u00e0 Monsieur Claude Boucabeille"},"content":{"rendered":"<div class=\"wpb-content-wrapper\"><p>[vc_row][vc_column][vc_single_image image=\u00a0\u00bb7923&Prime;][\/vc_column][\/vc_row][vc_row][vc_column][vc_column_text]Un homme d\u2019exception et un pionnier du karat\u00e9 dans l\u2019Ouest vient de nous quitter.<\/p>\n<p>Successivement Pr\u00e9sident de la ligue des Pays de Loire, de 1970 \u00e0 1977, Claude Boucabeille a \u00e9t\u00e9 \u00e0 l&rsquo;origine des premiers championnats de France interligues au Mans (douze ligues) et des premiers entra\u00eenements \u00e9lite r\u00e9gionaux fin des ann\u00e9es 70. Directeur du haut niveau, directeur technique, entraineur d&rsquo;un des plus grand club de la ligue o\u00f9 il a form\u00e9 de grands champions de France et d&rsquo;Europe.<\/p>\n<p>Claude 8\u00e8me Dan a marqu\u00e9 le karat\u00e9 lig\u00e9rien et su transmettre sa passion \u00e0 beaucoup de karatekas.<\/p>\n<p>Son h\u00e9ritage restera vivant \u00e0 travers ceux qu\u2019il a inspir\u00e9s.<\/p>\n<p>Un parcours exceptionnel dont il tirait une humble tirade : \u00ab La ceinture ne sert qu&rsquo;\u00e0 tenir le pantalon. Le plus important, c&rsquo;est d&rsquo;\u00eatre reconnu par ses pairs \u00bb.<\/p>\n<p>Au revoir Claude<\/p>\n<p>[\/vc_column_text][\/vc_column][\/vc_row]<\/p>\n<\/div>","protected":false},"excerpt":{"rendered":"<p>[vc_row][vc_column][vc_single_image image=\u00a0\u00bb7923&Prime;][\/vc_column][\/vc_row][vc_row][vc_column][vc_column_text]Un homme d\u2019exception et un pionnier du karat\u00e9 dans l\u2019Ouest vient de nous quitter. Successivement Pr\u00e9sident de la ligue des Pays de Loire, de 1970 \u00e0 1977, Claude Boucabeille a \u00e9t\u00e9 \u00e0 l&rsquo;origine des premiers championnats de France interligues au Mans (douze ligues) et des premiers entra\u00eenements \u00e9lite r\u00e9gionaux fin des ann\u00e9es 70. Directeur [&hellip;]<\/p>\n","protected":false},"author":231,"featured_media":0,"comment_status":"closed","ping_status":"closed","sticky":false,"template":"","format":"standard","meta":{"footnotes":""},"categories":[1],"tags":[],"class_list":["post-7922","post","type-post","status-publish","format-standard","hentry","category-non-classe"],"_links":{"self":[{"href":"https:\/\/sites.ffkarate.fr\/paysdelaloire\/wp-json\/wp\/v2\/posts\/7922","targetHints":{"allow":["GET"]}}],"collection":[{"href":"https:\/\/sites.ffkarate.fr\/paysdelaloire\/wp-json\/wp\/v2\/posts"}],"about":[{"href":"https:\/\/sites.ffkarate.fr\/paysdelaloire\/wp-json\/wp\/v2\/types\/post"}],"author":[{"embeddable":true,"href":"https:\/\/sites.ffkarate.fr\/paysdelaloire\/wp-json\/wp\/v2\/users\/231"}],"replies":[{"embeddable":true,"href":"https:\/\/sites.ffkarate.fr\/paysdelaloire\/wp-json\/wp\/v2\/comments?post=7922"}],"version-history":[{"count":3,"href":"https:\/\/sites.ffkarate.fr\/paysdelaloire\/wp-json\/wp\/v2\/posts\/7922\/revisions"}],"predecessor-version":[{"id":7929,"href":"https:\/\/sites.ffkarate.fr\/paysdelaloire\/wp-json\/wp\/v2\/posts\/7922\/revisions\/7929"}],"wp:attachment":[{"href":"https:\/\/sites.ffkarate.fr\/paysdelaloire\/wp-json\/wp\/v2\/media?parent=7922"}],"wp:term":[{"taxonomy":"category","embeddable":true,"href":"https:\/\/sites.ffkarate.fr\/paysdelaloire\/wp-json\/wp\/v2\/categories?post=7922"},{"taxonomy":"post_tag","embeddable":true,"href":"https:\/\/sites.ffkarate.fr\/paysdelaloire\/wp-json\/wp\/v2\/tags?post=7922"}],"curies":[{"name":"wp","href":"https:\/\/api.w.org\/{rel}","templated":true}]}}