{"id":8979,"date":"2025-03-17T11:08:47","date_gmt":"2025-03-17T10:08:47","guid":{"rendered":"https:\/\/sites.ffkarate.fr\/paysdelaloire\/?p=8979"},"modified":"2025-03-17T11:08:47","modified_gmt":"2025-03-17T10:08:47","slug":"resultats-championnat-france-des-regions","status":"publish","type":"post","link":"https:\/\/sites.ffkarate.fr\/paysdelaloire\/2025\/03\/17\/resultats-championnat-france-des-regions\/","title":{"rendered":"R\u00e9sultats Championnat France des r\u00e9gions"},"content":{"rendered":"<div class=\"wpb-content-wrapper\"><p>[vc_row][vc_column][vc_column_text]<\/p>\n<p dir=\"auto\">Ce samedi 15 mars, les \u00e9quipes r\u00e9gionales ont particip\u00e9 au Championnat de France des r\u00e9gions.<\/p>\n<p dir=\"auto\">L&rsquo;\u00e9quipe gar\u00e7ons jeunes n&rsquo;a pas r\u00e9ussi \u00e0 exploiter son potentiel et s&rsquo;incline au 1er tour puis au rep\u00eachage.<\/p>\n<p dir=\"auto\">L&rsquo;\u00e9quipe senior mixte a \u00e9t\u00e9 directement frein\u00e9e par une \u00e9quipe PACA tr\u00e8s en place et n&rsquo;a pas \u00e9t\u00e9 rep\u00each\u00e9e, le tirage au sort mettant l&rsquo;\u00cele-de-France directement au tour suivant.<\/p>\n<p dir=\"auto\">Chez les jeunes f\u00e9minines, elles ont brill\u00e9, gagnant au 1er tour contre les finalistes de l&rsquo;ann\u00e9e pass\u00e9e, l&rsquo;\u00cele-de-France. Elles ont but\u00e9 contre la PACA alors qu&rsquo;elles menaient 4 \u00e0 0. Un go\u00fbt amer qui a \u00e9t\u00e9 oubli\u00e9 avec la victoire contre la Bretagne pour la place de 3\u00e8me.<\/p>\n<p>\u00a0[\/vc_column_text][\/vc_column][\/vc_row]<\/p>\n<\/div>","protected":false},"excerpt":{"rendered":"<p>[vc_row][vc_column][vc_column_text] Ce samedi 15 mars, les \u00e9quipes r\u00e9gionales ont particip\u00e9 au Championnat de France des r\u00e9gions. L&rsquo;\u00e9quipe gar\u00e7ons jeunes n&rsquo;a pas r\u00e9ussi \u00e0 exploiter son potentiel et s&rsquo;incline au 1er tour puis au rep\u00eachage. L&rsquo;\u00e9quipe senior mixte a \u00e9t\u00e9 directement frein\u00e9e par une \u00e9quipe PACA tr\u00e8s en place et n&rsquo;a pas \u00e9t\u00e9 rep\u00each\u00e9e, le tirage [&hellip;]<\/p>\n","protected":false},"author":231,"featured_media":8980,"comment_status":"closed","ping_status":"closed","sticky":false,"template":"","format":"standard","meta":{"footnotes":""},"categories":[1],"tags":[],"class_list":["post-8979","post","type-post","status-publish","format-standard","hentry","category-non-classe"],"_links":{"self":[{"href":"https:\/\/sites.ffkarate.fr\/paysdelaloire\/wp-json\/wp\/v2\/posts\/8979","targetHints":{"allow":["GET"]}}],"collection":[{"href":"https:\/\/sites.ffkarate.fr\/paysdelaloire\/wp-json\/wp\/v2\/posts"}],"about":[{"href":"https:\/\/sites.ffkarate.fr\/paysdelaloire\/wp-json\/wp\/v2\/types\/post"}],"author":[{"embeddable":true,"href":"https:\/\/sites.ffkarate.fr\/paysdelaloire\/wp-json\/wp\/v2\/users\/231"}],"replies":[{"embeddable":true,"href":"https:\/\/sites.ffkarate.fr\/paysdelaloire\/wp-json\/wp\/v2\/comments?post=8979"}],"version-history":[{"count":2,"href":"https:\/\/sites.ffkarate.fr\/paysdelaloire\/wp-json\/wp\/v2\/posts\/8979\/revisions"}],"predecessor-version":[{"id":8982,"href":"https:\/\/sites.ffkarate.fr\/paysdelaloire\/wp-json\/wp\/v2\/posts\/8979\/revisions\/8982"}],"wp:featuredmedia":[{"embeddable":true,"href":"https:\/\/sites.ffkarate.fr\/paysdelaloire\/wp-json\/wp\/v2\/media\/8980"}],"wp:attachment":[{"href":"https:\/\/sites.ffkarate.fr\/paysdelaloire\/wp-json\/wp\/v2\/media?parent=8979"}],"wp:term":[{"taxonomy":"category","embeddable":true,"href":"https:\/\/sites.ffkarate.fr\/paysdelaloire\/wp-json\/wp\/v2\/categories?post=8979"},{"taxonomy":"post_tag","embeddable":true,"href":"https:\/\/sites.ffkarate.fr\/paysdelaloire\/wp-json\/wp\/v2\/tags?post=8979"}],"curies":[{"name":"wp","href":"https:\/\/api.w.org\/{rel}","templated":true}]}}