{"id":9306,"date":"2025-06-19T14:36:19","date_gmt":"2025-06-19T12:36:19","guid":{"rendered":"https:\/\/sites.ffkarate.fr\/paysdelaloire\/?p=9306"},"modified":"2025-06-24T09:31:22","modified_gmt":"2025-06-24T07:31:22","slug":"examen-de-grades-6e-dan-reussi-a-paris-une-forte-representativite-des-pays-de-la-loire","status":"publish","type":"post","link":"https:\/\/sites.ffkarate.fr\/paysdelaloire\/2025\/06\/19\/examen-de-grades-6e-dan-reussi-a-paris-une-forte-representativite-des-pays-de-la-loire\/","title":{"rendered":"Examen de Grades 6e Dan R\u00e9ussi \u00e0 Paris : Une Forte Repr\u00e9sentativit\u00e9 des Pays de la Loire"},"content":{"rendered":"<div class=\"wpb-content-wrapper\"><p>[vc_row][vc_column][vc_column_text]Le <strong>vendredi 13 juin 2025<\/strong> avait lieu la tenue de l&rsquo;examen de grades <strong>6e Dan<\/strong> au <strong>Dojo\u00a0 INJ\u00a0 PARIS (14e arrondissement)<\/strong>.<\/p>\n<p>7 candidats des Pays de la Loire ont pr\u00e9sent\u00e9 un \u00e9ventail complet de techniques, d\u00e9montrant leur ma\u00eetrise, leur pr\u00e9cision et leur profonde compr\u00e9hension de leur discipline devant un jury compos\u00e9 d&rsquo;experts.[\/vc_column_text][vc_column_text]<\/p>\n<h3 data-sourcepos=\"11:1-11:56\">Des R\u00e9sultats Remarquables pour les Pays de la Loire<\/h3>\n<p data-sourcepos=\"13:1-13:344\">La r\u00e9gion des Pays de la Loire s&rsquo;est distingu\u00e9e de mani\u00e8re exceptionnelle lors de cet examen. Sur les <strong>22 candidats<\/strong> pr\u00e9sents pour l&rsquo;ensemble de la zone nord de la France, <strong>7 provenaient de notre r\u00e9gion<\/strong>, et <strong>6 d&rsquo;entre eux ont \u00e9t\u00e9 re\u00e7us<\/strong> !<\/p>\n<p data-sourcepos=\"13:1-13:344\">Ce succ\u00e8s t\u00e9moigne du dynamisme de notre r\u00e9gion.<\/p>\n<p data-sourcepos=\"15:1-15:106\">Nous sommes particuli\u00e8rement fiers d&rsquo;annoncer les noms des nouveaux 6e Dan de la r\u00e9gion Pays de la Loire :<\/p>\n<ul data-sourcepos=\"17:1-23:0\">\n<li data-sourcepos=\"17:1-17:22\"><strong>Mickael Corni\u00e8re &#8211; Karat\u00e9 Club des Sorini\u00e8res<\/strong><\/li>\n<li data-sourcepos=\"18:1-18:25\"><strong>Simon Gaubard (Directeur Technique R\u00e9gional) &#8211;\u00a0 Ecole Lu\u00e7onnaise de Karat\u00e9<\/strong><\/li>\n<li data-sourcepos=\"19:1-19:41\"><strong>Patrick Batier (Tr\u00e9sorier R\u00e9gional) &#8211; Karat\u00e9 Club Mayenne<\/strong><\/li>\n<li data-sourcepos=\"20:1-20:21\"><strong>Jonathan Le Loge &#8211; Samoura\u00ef 2000<\/strong><\/li>\n<li data-sourcepos=\"21:1-21:18\"><strong>Marc Dianoux &#8211; Karat\u00e9 Club Nord Vend\u00e9e<\/strong><\/li>\n<li data-sourcepos=\"22:1-23:0\"><strong>Alexandre Leli\u00e8vre &#8211; Timing Karat\u00e9 Club Gu\u00e9randais<\/strong><\/li>\n<\/ul>\n<p data-sourcepos=\"24:1-24:184\">F\u00e9licitations \u00e0 tous les candidats qui ont particip\u00e9 et, tout particuli\u00e8rement, \u00e0 nos six promus des Pays de la Loire ! Votre r\u00e9ussite est une v\u00e9ritable source d&rsquo;inspiration pour tous.<\/p>\n<p>[\/vc_column_text][vc_gallery images=\u00a0\u00bb9311,9312,9313,9314,9315,9318,9317,9316,9310,9309,9308&Prime;][\/vc_column][\/vc_row]<\/p>\n<\/div>","protected":false},"excerpt":{"rendered":"<p>[vc_row][vc_column][vc_column_text]Le vendredi 13 juin 2025 avait lieu la tenue de l&rsquo;examen de grades 6e Dan au Dojo\u00a0 INJ\u00a0 PARIS (14e arrondissement). 7 candidats des Pays de la Loire ont pr\u00e9sent\u00e9 un \u00e9ventail complet de techniques, d\u00e9montrant leur ma\u00eetrise, leur pr\u00e9cision et leur profonde compr\u00e9hension de leur discipline devant un jury compos\u00e9 d&rsquo;experts.[\/vc_column_text][vc_column_text] Des R\u00e9sultats Remarquables [&hellip;]<\/p>\n","protected":false},"author":231,"featured_media":0,"comment_status":"open","ping_status":"open","sticky":false,"template":"","format":"standard","meta":{"footnotes":""},"categories":[1],"tags":[],"class_list":["post-9306","post","type-post","status-publish","format-standard","hentry","category-non-classe"],"_links":{"self":[{"href":"https:\/\/sites.ffkarate.fr\/paysdelaloire\/wp-json\/wp\/v2\/posts\/9306","targetHints":{"allow":["GET"]}}],"collection":[{"href":"https:\/\/sites.ffkarate.fr\/paysdelaloire\/wp-json\/wp\/v2\/posts"}],"about":[{"href":"https:\/\/sites.ffkarate.fr\/paysdelaloire\/wp-json\/wp\/v2\/types\/post"}],"author":[{"embeddable":true,"href":"https:\/\/sites.ffkarate.fr\/paysdelaloire\/wp-json\/wp\/v2\/users\/231"}],"replies":[{"embeddable":true,"href":"https:\/\/sites.ffkarate.fr\/paysdelaloire\/wp-json\/wp\/v2\/comments?post=9306"}],"version-history":[{"count":6,"href":"https:\/\/sites.ffkarate.fr\/paysdelaloire\/wp-json\/wp\/v2\/posts\/9306\/revisions"}],"predecessor-version":[{"id":9326,"href":"https:\/\/sites.ffkarate.fr\/paysdelaloire\/wp-json\/wp\/v2\/posts\/9306\/revisions\/9326"}],"wp:attachment":[{"href":"https:\/\/sites.ffkarate.fr\/paysdelaloire\/wp-json\/wp\/v2\/media?parent=9306"}],"wp:term":[{"taxonomy":"category","embeddable":true,"href":"https:\/\/sites.ffkarate.fr\/paysdelaloire\/wp-json\/wp\/v2\/categories?post=9306"},{"taxonomy":"post_tag","embeddable":true,"href":"https:\/\/sites.ffkarate.fr\/paysdelaloire\/wp-json\/wp\/v2\/tags?post=9306"}],"curies":[{"name":"wp","href":"https:\/\/api.w.org\/{rel}","templated":true}]}}