{"id":9454,"date":"2025-10-02T12:28:49","date_gmt":"2025-10-02T10:28:49","guid":{"rendered":"https:\/\/sites.ffkarate.fr\/paysdelaloire\/?p=9454"},"modified":"2025-10-02T15:23:41","modified_gmt":"2025-10-02T13:23:41","slug":"le-samourai-2000-du-mans-hote-dexception-pour-lequipe-de-france-de-karate","status":"publish","type":"post","link":"https:\/\/sites.ffkarate.fr\/paysdelaloire\/2025\/10\/02\/le-samourai-2000-du-mans-hote-dexception-pour-lequipe-de-france-de-karate\/","title":{"rendered":"Le Samoura\u00ef 2000 du Mans, h\u00f4te d&rsquo;exception pour l&rsquo;\u00e9quipe de France de Karat\u00e9"},"content":{"rendered":"<div class=\"wpb-content-wrapper\"><p>[vc_row][vc_column][vc_column_text]C&rsquo;est un honneur qui rejaillit sur l&rsquo;ensemble du sport manceau et sarthois. Le club du <b>Samoura\u00ef 2000<\/b> au Mans a eu le privil\u00e8ge d&rsquo;accueillir l&rsquo;<b>\u00e9quipe de France de Karat\u00e9<\/b> le week-end dernier au sein de ses installations.<\/p>\n<p>Dans une ambiance studieuse et concentr\u00e9e, les athl\u00e8tes tricolores, qui comptent parmi l&rsquo;\u00e9lite mondiale de la discipline, sont venus effectuer un stage d&rsquo;entra\u00eenement intensif. Cette pr\u00e9paration \u00e9tait d&rsquo;autant plus cruciale qu&rsquo;elle visait \u00e0 les aff\u00fbter pour une \u00e9ch\u00e9ance imm\u00e9diate : le <b>Tournoi de Qualification pour les Championnats du Monde<\/b> !<\/p>\n<p>Ce tournoi capital aura lieu tr\u00e8s prochainement, les <b>17, 18 et 19 octobre \u00e0 Coubertin, Paris<\/b>. L&rsquo;\u00e9quipe de France a ainsi pu peaufiner sa strat\u00e9gie et sa technique dans les meilleures conditions offertes par le club manceau avant de se lancer dans cette bataille pour la qualification.<\/p>\n<p>L&rsquo;accueil de la s\u00e9lection nationale est une v\u00e9ritable reconnaissance de la qualit\u00e9 des infrastructures et de l&rsquo;esprit du club manceau. Le <b>Samoura\u00ef 2000<\/b> a su mettre \u00e0 disposition toutes les conditions n\u00e9cessaires pour permettre aux champions fran\u00e7ais de d\u00e9fendre au mieux les couleurs de la France.[\/vc_column_text][vc_single_image image=\u00a0\u00bb9456&Prime;][vc_column_text]Nous souhaitons bon courage et pleine r\u00e9ussite \u00e0 toute l&rsquo;\u00e9quipe de France pour ce tournoi d\u00e9cisif et leurs comp\u00e9titions \u00e0 venir ! C&rsquo;est une fiert\u00e9 pour le club du Samoura\u00ef 2000 et pour Le Mans d&rsquo;avoir pu contribuer, \u00e0 leur mani\u00e8re, \u00e0 leur pr\u00e9paration.[\/vc_column_text][\/vc_column][\/vc_row]<\/p>\n<\/div>","protected":false},"excerpt":{"rendered":"<p>[vc_row][vc_column][vc_column_text]C&rsquo;est un honneur qui rejaillit sur l&rsquo;ensemble du sport manceau et sarthois. Le club du Samoura\u00ef 2000 au Mans a eu le privil\u00e8ge d&rsquo;accueillir l&rsquo;\u00e9quipe de France de Karat\u00e9 le week-end dernier au sein de ses installations. Dans une ambiance studieuse et concentr\u00e9e, les athl\u00e8tes tricolores, qui comptent parmi l&rsquo;\u00e9lite mondiale de la discipline, sont [&hellip;]<\/p>\n","protected":false},"author":231,"featured_media":9455,"comment_status":"open","ping_status":"open","sticky":false,"template":"","format":"standard","meta":{"footnotes":""},"categories":[5,1],"tags":[],"class_list":["post-9454","post","type-post","status-publish","format-standard","hentry","category-actualites","category-non-classe"],"_links":{"self":[{"href":"https:\/\/sites.ffkarate.fr\/paysdelaloire\/wp-json\/wp\/v2\/posts\/9454","targetHints":{"allow":["GET"]}}],"collection":[{"href":"https:\/\/sites.ffkarate.fr\/paysdelaloire\/wp-json\/wp\/v2\/posts"}],"about":[{"href":"https:\/\/sites.ffkarate.fr\/paysdelaloire\/wp-json\/wp\/v2\/types\/post"}],"author":[{"embeddable":true,"href":"https:\/\/sites.ffkarate.fr\/paysdelaloire\/wp-json\/wp\/v2\/users\/231"}],"replies":[{"embeddable":true,"href":"https:\/\/sites.ffkarate.fr\/paysdelaloire\/wp-json\/wp\/v2\/comments?post=9454"}],"version-history":[{"count":3,"href":"https:\/\/sites.ffkarate.fr\/paysdelaloire\/wp-json\/wp\/v2\/posts\/9454\/revisions"}],"predecessor-version":[{"id":9459,"href":"https:\/\/sites.ffkarate.fr\/paysdelaloire\/wp-json\/wp\/v2\/posts\/9454\/revisions\/9459"}],"wp:featuredmedia":[{"embeddable":true,"href":"https:\/\/sites.ffkarate.fr\/paysdelaloire\/wp-json\/wp\/v2\/media\/9455"}],"wp:attachment":[{"href":"https:\/\/sites.ffkarate.fr\/paysdelaloire\/wp-json\/wp\/v2\/media?parent=9454"}],"wp:term":[{"taxonomy":"category","embeddable":true,"href":"https:\/\/sites.ffkarate.fr\/paysdelaloire\/wp-json\/wp\/v2\/categories?post=9454"},{"taxonomy":"post_tag","embeddable":true,"href":"https:\/\/sites.ffkarate.fr\/paysdelaloire\/wp-json\/wp\/v2\/tags?post=9454"}],"curies":[{"name":"wp","href":"https:\/\/api.w.org\/{rel}","templated":true}]}}