{"id":9514,"date":"2025-10-31T11:11:15","date_gmt":"2025-10-31T10:11:15","guid":{"rendered":"https:\/\/sites.ffkarate.fr\/paysdelaloire\/?p=9514"},"modified":"2025-10-31T11:11:15","modified_gmt":"2025-10-31T10:11:15","slug":"%f0%9f%a5%8b-succes-retentissant-pour-le-stage-elite-regional-kata-a-port-saint-pere","status":"publish","type":"post","link":"https:\/\/sites.ffkarate.fr\/paysdelaloire\/2025\/10\/31\/%f0%9f%a5%8b-succes-retentissant-pour-le-stage-elite-regional-kata-a-port-saint-pere\/","title":{"rendered":"\ud83e\udd4b Succ\u00e8s Retentissant pour le Stage \u00c9lite R\u00e9gional Kata \u00e0 Port-Saint-P\u00e8re"},"content":{"rendered":"<div class=\"wpb-content-wrapper\"><p>[vc_row][vc_column][vc_column_text]La Ligue R\u00e9gionale des Pays-de-la-Loire de Karat\u00e9 et Disciplines Associ\u00e9es est tr\u00e8s satisfaite de communiquer le grand succ\u00e8s du <b>Stage \u00c9lite R\u00e9gional Kata<\/b>, qui s&rsquo;est d\u00e9roul\u00e9 le <b>dimanche 12 octobre 2025<\/b>. Cet \u00e9v\u00e9nement majeur de la saison s&rsquo;est tenu au Complexe Sportif de <b>Port-Saint-P\u00e8re<\/b> (44) et a rassembl\u00e9 l&rsquo;\u00e9lite de la discipline Kata de notre r\u00e9gion.<\/p>\n<h3><\/h3>\n<h3>Un Encadrement de Qualit\u00e9<\/h3>\n<p>Ce stage, crucial pour la pr\u00e9paration de nos athl\u00e8tes en vue des prochaines \u00e9ch\u00e9ances nationales et inter-r\u00e9gionales, \u00e9tait plac\u00e9 sous la supervision experte de <b>La\u00e9titia Gauguet<\/b>, notre <b>Entra\u00eeneur R\u00e9gional Kata<\/b> de renom.<\/p>\n<p>Reconnue pour son exp\u00e9rience de haut niveau et sa p\u00e9dagogie, La\u00e9titia Gauguet a guid\u00e9 les participants \u00e0 travers une journ\u00e9e intensive et enrichissante. L&rsquo;accent a \u00e9t\u00e9 mis sur :<\/p>\n<ul>\n<li><b>L&rsquo;affinement technique<\/b> des katas de comp\u00e9tition.<\/li>\n<li><b>La puissance et le rythme<\/b> dans l&rsquo;ex\u00e9cution des s\u00e9quences.<\/li>\n<li><b>Les strat\u00e9gies de comp\u00e9tition<\/b> et la gestion du stress.<\/li>\n<\/ul>\n<p>Les athl\u00e8tes ont b\u00e9n\u00e9fici\u00e9 de ses conseils personnalis\u00e9s, travaillant en profondeur les d\u00e9tails qui font la diff\u00e9rence au plus haut niveau.<\/p>\n<p>&nbsp;<\/p>\n<h3>Une Forte Mobilisation des Talents R\u00e9gionaux<\/h3>\n<p>La participation a \u00e9t\u00e9 excellente, t\u00e9moignant de l&rsquo;engagement et du dynamisme de nos sportifs lig\u00e9riens. Des jeunes espoirs aux athl\u00e8tes plus exp\u00e9riment\u00e9s, tous ont fait preuve d&rsquo;une <b>grande d\u00e9termination et d&rsquo;un esprit combatif exemplaire<\/b>. Ce rassemblement a permis de renforcer la coh\u00e9sion au sein du groupe \u00e9lite et d&rsquo;\u00e9tablir un niveau d&rsquo;exigence \u00e9lev\u00e9 pour la saison.<\/p>\n<p>&nbsp;<\/p>\n<h3>Prochaines \u00c9tapes<\/h3>\n<p>Les b\u00e9n\u00e9fices de cette journ\u00e9e d&rsquo;entra\u00eenement se feront rapidement sentir lors des prochaines comp\u00e9titions. La Ligue des Pays de la Loire Karat\u00e9 continuera d&rsquo;accompagner ses athl\u00e8tes avec d&rsquo;autres sessions de travail et de pr\u00e9paration. Nous souhaitons d&rsquo;ores et d\u00e9j\u00e0 beaucoup de r\u00e9ussite \u00e0 notre \u00e9quipe Kata pour les \u00e9ch\u00e9ances \u00e0 venir.<\/p>\n<p>&nbsp;<\/p>\n<p><strong>Restez connect\u00e9s !<\/strong> Le calendrier des prochains stages et comp\u00e9titions est disponible sur le site officiel de la Ligue.[\/vc_column_text][\/vc_column][\/vc_row]<\/p>\n<\/div>","protected":false},"excerpt":{"rendered":"<p>[vc_row][vc_column][vc_column_text]La Ligue R\u00e9gionale des Pays-de-la-Loire de Karat\u00e9 et Disciplines Associ\u00e9es est tr\u00e8s satisfaite de communiquer le grand succ\u00e8s du Stage \u00c9lite R\u00e9gional Kata, qui s&rsquo;est d\u00e9roul\u00e9 le dimanche 12 octobre 2025. Cet \u00e9v\u00e9nement majeur de la saison s&rsquo;est tenu au Complexe Sportif de Port-Saint-P\u00e8re (44) et a rassembl\u00e9 l&rsquo;\u00e9lite de la discipline Kata de notre [&hellip;]<\/p>\n","protected":false},"author":231,"featured_media":9515,"comment_status":"open","ping_status":"open","sticky":false,"template":"","format":"standard","meta":{"footnotes":""},"categories":[5,14,25],"tags":[],"class_list":["post-9514","post","type-post","status-publish","format-standard","hentry","category-actualites","category-karate","category-stage"],"_links":{"self":[{"href":"https:\/\/sites.ffkarate.fr\/paysdelaloire\/wp-json\/wp\/v2\/posts\/9514","targetHints":{"allow":["GET"]}}],"collection":[{"href":"https:\/\/sites.ffkarate.fr\/paysdelaloire\/wp-json\/wp\/v2\/posts"}],"about":[{"href":"https:\/\/sites.ffkarate.fr\/paysdelaloire\/wp-json\/wp\/v2\/types\/post"}],"author":[{"embeddable":true,"href":"https:\/\/sites.ffkarate.fr\/paysdelaloire\/wp-json\/wp\/v2\/users\/231"}],"replies":[{"embeddable":true,"href":"https:\/\/sites.ffkarate.fr\/paysdelaloire\/wp-json\/wp\/v2\/comments?post=9514"}],"version-history":[{"count":7,"href":"https:\/\/sites.ffkarate.fr\/paysdelaloire\/wp-json\/wp\/v2\/posts\/9514\/revisions"}],"predecessor-version":[{"id":9522,"href":"https:\/\/sites.ffkarate.fr\/paysdelaloire\/wp-json\/wp\/v2\/posts\/9514\/revisions\/9522"}],"wp:featuredmedia":[{"embeddable":true,"href":"https:\/\/sites.ffkarate.fr\/paysdelaloire\/wp-json\/wp\/v2\/media\/9515"}],"wp:attachment":[{"href":"https:\/\/sites.ffkarate.fr\/paysdelaloire\/wp-json\/wp\/v2\/media?parent=9514"}],"wp:term":[{"taxonomy":"category","embeddable":true,"href":"https:\/\/sites.ffkarate.fr\/paysdelaloire\/wp-json\/wp\/v2\/categories?post=9514"},{"taxonomy":"post_tag","embeddable":true,"href":"https:\/\/sites.ffkarate.fr\/paysdelaloire\/wp-json\/wp\/v2\/tags?post=9514"}],"curies":[{"name":"wp","href":"https:\/\/api.w.org\/{rel}","templated":true}]}}