{"id":9761,"date":"2025-11-18T12:19:30","date_gmt":"2025-11-18T11:19:30","guid":{"rendered":"https:\/\/sites.ffkarate.fr\/paysdelaloire\/?p=9761"},"modified":"2025-11-18T12:19:30","modified_gmt":"2025-11-18T11:19:30","slug":"%f0%9f%93%9d-stage-de-perfectionnement-des-jeunes-arbitres-regionaux-a-saint-pere-en-retz","status":"publish","type":"post","link":"https:\/\/sites.ffkarate.fr\/paysdelaloire\/2025\/11\/18\/%f0%9f%93%9d-stage-de-perfectionnement-des-jeunes-arbitres-regionaux-a-saint-pere-en-retz\/","title":{"rendered":"\ud83d\udcdd Stage de Perfectionnement des Jeunes Arbitres R\u00e9gionaux \u00e0 Saint-P\u00e8re-en-Retz"},"content":{"rendered":"<div class=\"wpb-content-wrapper\"><p>[vc_row][vc_column][vc_column_text]Le <b>samedi 15 novembre 2025<\/b> a \u00e9t\u00e9 une journ\u00e9e d&rsquo;apprentissage et d&rsquo;\u00e9change essentielle pour la nouvelle g\u00e9n\u00e9ration de sifflets r\u00e9gionaux. Le club de <b>Saint-P\u00e8re-en-Retz<\/b> a eu l&rsquo;honneur d&rsquo;accueillir un <b>Stage de Perfectionnement<\/b> d\u00e9di\u00e9 aux <b>Jeunes Arbitres R\u00e9gionaux<\/b>, marquant une \u00e9tape importante dans leur formation.<\/p>\n<p>Ce stage, con\u00e7u pour aff\u00fbter leurs comp\u00e9tences techniques et pratiques, a regroup\u00e9 une quinzaine de jeunes officiels motiv\u00e9s. L&rsquo;encadrement de cette journ\u00e9e a \u00e9t\u00e9 assur\u00e9 par <b>Sibille FRIK<\/b>, une figure reconnue de l&rsquo;arbitrage r\u00e9gional et national, qui est \u00e9galement la <b>Responsable de la Commission Jeunes Arbitres<\/b>. Son expertise a \u00e9t\u00e9 un atout majeur pour la qualit\u00e9 de la formation.<\/p>\n<p>La qualit\u00e9 de l&rsquo;encadrement, men\u00e9 par une <b>arbitre nationale<\/b>, et l&rsquo;engagement des participants ont fait de cette journ\u00e9e un v\u00e9ritable succ\u00e8s. Elle confirme la volont\u00e9 de la Ligue de <b>former des arbitres de haut niveau<\/b>&#8230;<\/p>\n<p>Ce stage s&rsquo;inscrit pleinement dans le parcours d&rsquo;excellence des Jeunes Arbitres R\u00e9gionaux, les pr\u00e9parant aux responsabilit\u00e9s croissantes sur les terrains. F\u00e9licitations \u00e0 tous les participants pour leur investissement et un grand merci au club de Saint-P\u00e8re-en-Retz pour son accueil chaleureux ![\/vc_column_text][\/vc_column][\/vc_row][vc_row][vc_column][vc_gallery images=\u00a0\u00bb9764,9763&Prime;][\/vc_column][\/vc_row]<\/p>\n<\/div>","protected":false},"excerpt":{"rendered":"<p>[vc_row][vc_column][vc_column_text]Le samedi 15 novembre 2025 a \u00e9t\u00e9 une journ\u00e9e d&rsquo;apprentissage et d&rsquo;\u00e9change essentielle pour la nouvelle g\u00e9n\u00e9ration de sifflets r\u00e9gionaux. Le club de Saint-P\u00e8re-en-Retz a eu l&rsquo;honneur d&rsquo;accueillir un Stage de Perfectionnement d\u00e9di\u00e9 aux Jeunes Arbitres R\u00e9gionaux, marquant une \u00e9tape importante dans leur formation. Ce stage, con\u00e7u pour aff\u00fbter leurs comp\u00e9tences techniques et pratiques, a [&hellip;]<\/p>\n","protected":false},"author":231,"featured_media":9762,"comment_status":"open","ping_status":"open","sticky":false,"template":"","format":"standard","meta":{"footnotes":""},"categories":[1],"tags":[],"class_list":["post-9761","post","type-post","status-publish","format-standard","hentry","category-non-classe"],"_links":{"self":[{"href":"https:\/\/sites.ffkarate.fr\/paysdelaloire\/wp-json\/wp\/v2\/posts\/9761","targetHints":{"allow":["GET"]}}],"collection":[{"href":"https:\/\/sites.ffkarate.fr\/paysdelaloire\/wp-json\/wp\/v2\/posts"}],"about":[{"href":"https:\/\/sites.ffkarate.fr\/paysdelaloire\/wp-json\/wp\/v2\/types\/post"}],"author":[{"embeddable":true,"href":"https:\/\/sites.ffkarate.fr\/paysdelaloire\/wp-json\/wp\/v2\/users\/231"}],"replies":[{"embeddable":true,"href":"https:\/\/sites.ffkarate.fr\/paysdelaloire\/wp-json\/wp\/v2\/comments?post=9761"}],"version-history":[{"count":3,"href":"https:\/\/sites.ffkarate.fr\/paysdelaloire\/wp-json\/wp\/v2\/posts\/9761\/revisions"}],"predecessor-version":[{"id":9767,"href":"https:\/\/sites.ffkarate.fr\/paysdelaloire\/wp-json\/wp\/v2\/posts\/9761\/revisions\/9767"}],"wp:featuredmedia":[{"embeddable":true,"href":"https:\/\/sites.ffkarate.fr\/paysdelaloire\/wp-json\/wp\/v2\/media\/9762"}],"wp:attachment":[{"href":"https:\/\/sites.ffkarate.fr\/paysdelaloire\/wp-json\/wp\/v2\/media?parent=9761"}],"wp:term":[{"taxonomy":"category","embeddable":true,"href":"https:\/\/sites.ffkarate.fr\/paysdelaloire\/wp-json\/wp\/v2\/categories?post=9761"},{"taxonomy":"post_tag","embeddable":true,"href":"https:\/\/sites.ffkarate.fr\/paysdelaloire\/wp-json\/wp\/v2\/tags?post=9761"}],"curies":[{"name":"wp","href":"https:\/\/api.w.org\/{rel}","templated":true}]}}