{"id":4030,"date":"2024-03-19T11:55:41","date_gmt":"2024-03-19T10:55:41","guid":{"rendered":"https:\/\/sites.ffkarate.fr\/pyreneesatlantiques\/?p=4030"},"modified":"2024-03-19T11:55:56","modified_gmt":"2024-03-19T10:55:56","slug":"championnat-de-france-des-ligues-regionales-marseille-le-16-mars-2024","status":"publish","type":"post","link":"https:\/\/sites.ffkarate.fr\/pyreneesatlantiques\/2024\/03\/19\/championnat-de-france-des-ligues-regionales-marseille-le-16-mars-2024\/","title":{"rendered":"CHAMPIONNAT DE FRANCE DES LIGUES REGIONALES &#8211; MARSEILLE &#8211; le 16 MARS 2024"},"content":{"rendered":"<div class=\"wpb-content-wrapper\"><p>[vc_row][vc_column][vc_column_text]Ce samedi 16 Mars 2024 avait lieu le Championnat de France des Ligues R\u00e9gionales \u00e0 MARSEILLE.<\/p>\n<div dir=\"auto\">4 jeunes de notre D\u00e9partement (dont 2 licenci\u00e9s \u00e0 Morcenx, mais s&rsquo;entra\u00eenant \u00e0 Pau) \u00e9taient align\u00e9s avec les \u00e9quipes de la Ligue Nouvelle Aquitaine.<\/div>\n<div dir=\"auto\">Et pour la premi\u00e8re fois, dans l&rsquo;histoire de la Ligue, les deux \u00e9quipes s\u00e9lectionn\u00e9es parviennent en finale dans leur cat\u00e9gorie respective.<\/div>\n<div dir=\"auto\">Aussi bien chez les gar\u00e7ons (Enzo et Jamil) que chez les filles (Oriane et Elina) ces deux \u00e9quipes terminent vice-champions de France 2024.<\/div>\n<div dir=\"auto\"><\/div>\n<div dir=\"auto\"><\/div>\n<div dir=\"auto\"><img decoding=\"async\" class=\"alignnone wp-image-4032\" src=\"https:\/\/sites.ffkarate.fr\/pyreneesatlantiques\/wp-content\/uploads\/sites\/86\/2024\/03\/IMG-20240316-WA0005-279x300.jpg\" alt=\"\" width=\"309\" height=\"333\" srcset=\"https:\/\/sites.ffkarate.fr\/pyreneesatlantiques\/wp-content\/uploads\/sites\/86\/2024\/03\/IMG-20240316-WA0005-279x300.jpg 279w, https:\/\/sites.ffkarate.fr\/pyreneesatlantiques\/wp-content\/uploads\/sites\/86\/2024\/03\/IMG-20240316-WA0005-952x1024.jpg 952w, https:\/\/sites.ffkarate.fr\/pyreneesatlantiques\/wp-content\/uploads\/sites\/86\/2024\/03\/IMG-20240316-WA0005-768x826.jpg 768w, https:\/\/sites.ffkarate.fr\/pyreneesatlantiques\/wp-content\/uploads\/sites\/86\/2024\/03\/IMG-20240316-WA0005.jpg 1367w\" sizes=\"(max-width: 309px) 100vw, 309px\" \/>\u00a0 \u00a0 \u00a0 \u00a0 \u00a0 \u00a0 <img decoding=\"async\" class=\"alignnone wp-image-4031\" src=\"https:\/\/sites.ffkarate.fr\/pyreneesatlantiques\/wp-content\/uploads\/sites\/86\/2024\/03\/IMG-20240316-WA0002-270x300.jpg\" alt=\"\" width=\"300\" height=\"333\" srcset=\"https:\/\/sites.ffkarate.fr\/pyreneesatlantiques\/wp-content\/uploads\/sites\/86\/2024\/03\/IMG-20240316-WA0002-270x300.jpg 270w, https:\/\/sites.ffkarate.fr\/pyreneesatlantiques\/wp-content\/uploads\/sites\/86\/2024\/03\/IMG-20240316-WA0002-921x1024.jpg 921w, https:\/\/sites.ffkarate.fr\/pyreneesatlantiques\/wp-content\/uploads\/sites\/86\/2024\/03\/IMG-20240316-WA0002-768x854.jpg 768w, https:\/\/sites.ffkarate.fr\/pyreneesatlantiques\/wp-content\/uploads\/sites\/86\/2024\/03\/IMG-20240316-WA0002.jpg 1349w\" sizes=\"(max-width: 300px) 100vw, 300px\" \/><\/div>\n<div dir=\"auto\"><\/div>\n<p>[\/vc_column_text][\/vc_column][\/vc_row]<\/p>\n<\/div>","protected":false},"excerpt":{"rendered":"<p>[vc_row][vc_column][vc_column_text]Ce samedi 16 Mars 2024 avait lieu le Championnat de France des Ligues R\u00e9gionales \u00e0 MARSEILLE. 4 jeunes de notre D\u00e9partement (dont 2 licenci\u00e9s \u00e0 Morcenx, mais s&rsquo;entra\u00eenant \u00e0 Pau) \u00e9taient align\u00e9s avec les \u00e9quipes de la Ligue Nouvelle Aquitaine. Et pour la premi\u00e8re fois, dans l&rsquo;histoire de la Ligue, les deux \u00e9quipes s\u00e9lectionn\u00e9es parviennent [&hellip;]<\/p>\n","protected":false},"author":140,"featured_media":0,"comment_status":"closed","ping_status":"closed","sticky":false,"template":"","format":"standard","meta":{"footnotes":""},"categories":[10,1],"tags":[],"class_list":["post-4030","post","type-post","status-publish","format-standard","hentry","category-competitions","category-non-classe"],"_links":{"self":[{"href":"https:\/\/sites.ffkarate.fr\/pyreneesatlantiques\/wp-json\/wp\/v2\/posts\/4030","targetHints":{"allow":["GET"]}}],"collection":[{"href":"https:\/\/sites.ffkarate.fr\/pyreneesatlantiques\/wp-json\/wp\/v2\/posts"}],"about":[{"href":"https:\/\/sites.ffkarate.fr\/pyreneesatlantiques\/wp-json\/wp\/v2\/types\/post"}],"author":[{"embeddable":true,"href":"https:\/\/sites.ffkarate.fr\/pyreneesatlantiques\/wp-json\/wp\/v2\/users\/140"}],"replies":[{"embeddable":true,"href":"https:\/\/sites.ffkarate.fr\/pyreneesatlantiques\/wp-json\/wp\/v2\/comments?post=4030"}],"version-history":[{"count":6,"href":"https:\/\/sites.ffkarate.fr\/pyreneesatlantiques\/wp-json\/wp\/v2\/posts\/4030\/revisions"}],"predecessor-version":[{"id":4038,"href":"https:\/\/sites.ffkarate.fr\/pyreneesatlantiques\/wp-json\/wp\/v2\/posts\/4030\/revisions\/4038"}],"wp:attachment":[{"href":"https:\/\/sites.ffkarate.fr\/pyreneesatlantiques\/wp-json\/wp\/v2\/media?parent=4030"}],"wp:term":[{"taxonomy":"category","embeddable":true,"href":"https:\/\/sites.ffkarate.fr\/pyreneesatlantiques\/wp-json\/wp\/v2\/categories?post=4030"},{"taxonomy":"post_tag","embeddable":true,"href":"https:\/\/sites.ffkarate.fr\/pyreneesatlantiques\/wp-json\/wp\/v2\/tags?post=4030"}],"curies":[{"name":"wp","href":"https:\/\/api.w.org\/{rel}","templated":true}]}}