{"id":1368,"date":"2020-01-05T14:11:51","date_gmt":"2020-01-05T13:11:51","guid":{"rendered":"https:\/\/sites.ffkarate.fr\/pyreneesorientales\/?post_type=news&amp;p=1368"},"modified":"2020-01-05T14:11:51","modified_gmt":"2020-01-05T13:11:51","slug":"bonnee-2020","status":"publish","type":"post","link":"https:\/\/sites.ffkarate.fr\/pyreneesorientales\/2020\/01\/05\/bonnee-2020\/","title":{"rendered":"Bonne Ann\u00e9e 2020"},"content":{"rendered":"<div class=\"wpb-content-wrapper\"><p>[vc_row][vc_column][vc_column_text]En ce tout d\u00e9but d&rsquo;ann\u00e9e, j&rsquo;ai le plaisir et l&rsquo;honneur comme chaque ann\u00e9e de pr\u00e9senter \u00e0 tous au nom du Comit\u00e9 la plus heureuse ann\u00e9e 2020.<\/p>\n<p>Qu&rsquo;elle soit bien active et que vous soyez en bonne sant\u00e9. Nos pratiques Karat\u00e9 et Disciplines Associ\u00e9es peuvent largement y contribuer tant physiquement que mentalement.<\/p>\n<p>Esp\u00e9rant partager avec vous nos prochains rendez vous (voir le calendrier et les affiches) : passages de grades, comp\u00e9titions, stages, formations,&#8230;<\/p>\n<p>Le Pr\u00e9sident JM PETIAU[\/vc_column_text][\/vc_column][\/vc_row]<\/p>\n<\/div>","protected":false},"excerpt":{"rendered":"<p>[vc_row][vc_column][vc_column_text]En ce tout d\u00e9but d&rsquo;ann\u00e9e, j&rsquo;ai le plaisir et l&rsquo;honneur comme chaque ann\u00e9e de pr\u00e9senter \u00e0 tous au nom du Comit\u00e9 la plus heureuse ann\u00e9e 2020. Qu&rsquo;elle soit bien active et que vous soyez en bonne sant\u00e9. Nos pratiques Karat\u00e9 et Disciplines Associ\u00e9es peuvent largement y contribuer tant physiquement que mentalement. Esp\u00e9rant partager avec vous [&hellip;]<\/p>\n","protected":false},"author":141,"featured_media":0,"comment_status":"closed","ping_status":"closed","sticky":false,"template":"","format":"standard","meta":{"footnotes":""},"categories":[1],"tags":[],"class_list":["post-1368","post","type-post","status-publish","format-standard","hentry","category-non-classe"],"_links":{"self":[{"href":"https:\/\/sites.ffkarate.fr\/pyreneesorientales\/wp-json\/wp\/v2\/posts\/1368","targetHints":{"allow":["GET"]}}],"collection":[{"href":"https:\/\/sites.ffkarate.fr\/pyreneesorientales\/wp-json\/wp\/v2\/posts"}],"about":[{"href":"https:\/\/sites.ffkarate.fr\/pyreneesorientales\/wp-json\/wp\/v2\/types\/post"}],"author":[{"embeddable":true,"href":"https:\/\/sites.ffkarate.fr\/pyreneesorientales\/wp-json\/wp\/v2\/users\/141"}],"replies":[{"embeddable":true,"href":"https:\/\/sites.ffkarate.fr\/pyreneesorientales\/wp-json\/wp\/v2\/comments?post=1368"}],"version-history":[{"count":0,"href":"https:\/\/sites.ffkarate.fr\/pyreneesorientales\/wp-json\/wp\/v2\/posts\/1368\/revisions"}],"wp:attachment":[{"href":"https:\/\/sites.ffkarate.fr\/pyreneesorientales\/wp-json\/wp\/v2\/media?parent=1368"}],"wp:term":[{"taxonomy":"category","embeddable":true,"href":"https:\/\/sites.ffkarate.fr\/pyreneesorientales\/wp-json\/wp\/v2\/categories?post=1368"},{"taxonomy":"post_tag","embeddable":true,"href":"https:\/\/sites.ffkarate.fr\/pyreneesorientales\/wp-json\/wp\/v2\/tags?post=1368"}],"curies":[{"name":"wp","href":"https:\/\/api.w.org\/{rel}","templated":true}]}}