{"id":1488,"date":"2020-07-11T15:28:45","date_gmt":"2020-07-11T13:28:45","guid":{"rendered":"https:\/\/sites.ffkarate.fr\/pyreneesorientales\/?post_type=news&amp;p=1488"},"modified":"2020-07-11T15:28:45","modified_gmt":"2020-07-11T13:28:45","slug":"convocations-assemblees-generales","status":"publish","type":"post","link":"https:\/\/sites.ffkarate.fr\/pyreneesorientales\/2020\/07\/11\/convocations-assemblees-generales\/","title":{"rendered":"Convocations assembl\u00e9es g\u00e9n\u00e9rales"},"content":{"rendered":"<div class=\"wpb-content-wrapper\"><p>[vc_row][vc_column][vc_column_text]Bonjour \u00e0 tous,<\/p>\n<p>Ci-joint les convocations pour nos 2 assembl\u00e9es G\u00e9n\u00e9rales :<\/p>\n<ul>\n<li>Ordinaire et \u00e9lective du nouveau Comit\u00e9 Directeur<\/li>\n<li>Des repr\u00e9sentants des Clubs \u00e0 Paris et en Ligne<\/li>\n<\/ul>\n<p>Les convocations ont d\u00e9j\u00e0 \u00e9t\u00e9 envoy\u00e9es aux clubs le 28\/06<\/p>\n<p>Les listes des candidats sera close lundi 13\/07 minuit. Vous trouverez ci-dessous les listes des candidats d\u00e9clar\u00e9s \u00e0 ce jour.<\/p>\n<p><a href=\"https:\/\/sites.ffkarate.fr\/pyreneesorientales\/wp-content\/uploads\/sites\/85\/2020\/07\/Liste-Candidats-CoDir-Election-2020-au-28.06.201.pdf\">Liste Candidats CoDir Election 2020 au 28.06.20<\/a><\/p>\n<p><a href=\"https:\/\/sites.ffkarate.fr\/pyreneesorientales\/wp-content\/uploads\/sites\/85\/2020\/07\/Liste-Candidats-Representans-Election-2020-au-28.06.20.pdf\">Liste Candidats Repr\u00e9sentans Election 2020 au 28.06.20<\/a><\/p>\n<p>&nbsp;[\/vc_column_text][\/vc_column][\/vc_row]<\/p>\n<\/div>","protected":false},"excerpt":{"rendered":"<p>[vc_row][vc_column][vc_column_text]Bonjour \u00e0 tous, Ci-joint les convocations pour nos 2 assembl\u00e9es G\u00e9n\u00e9rales : Ordinaire et \u00e9lective du nouveau Comit\u00e9 Directeur Des repr\u00e9sentants des Clubs \u00e0 Paris et en Ligne Les convocations ont d\u00e9j\u00e0 \u00e9t\u00e9 envoy\u00e9es aux clubs le 28\/06 Les listes des candidats sera close lundi 13\/07 minuit. Vous trouverez ci-dessous les listes des candidats d\u00e9clar\u00e9s [&hellip;]<\/p>\n","protected":false},"author":141,"featured_media":0,"comment_status":"closed","ping_status":"closed","sticky":false,"template":"","format":"standard","meta":{"footnotes":""},"categories":[1],"tags":[],"class_list":["post-1488","post","type-post","status-publish","format-standard","hentry","category-non-classe"],"_links":{"self":[{"href":"https:\/\/sites.ffkarate.fr\/pyreneesorientales\/wp-json\/wp\/v2\/posts\/1488","targetHints":{"allow":["GET"]}}],"collection":[{"href":"https:\/\/sites.ffkarate.fr\/pyreneesorientales\/wp-json\/wp\/v2\/posts"}],"about":[{"href":"https:\/\/sites.ffkarate.fr\/pyreneesorientales\/wp-json\/wp\/v2\/types\/post"}],"author":[{"embeddable":true,"href":"https:\/\/sites.ffkarate.fr\/pyreneesorientales\/wp-json\/wp\/v2\/users\/141"}],"replies":[{"embeddable":true,"href":"https:\/\/sites.ffkarate.fr\/pyreneesorientales\/wp-json\/wp\/v2\/comments?post=1488"}],"version-history":[{"count":0,"href":"https:\/\/sites.ffkarate.fr\/pyreneesorientales\/wp-json\/wp\/v2\/posts\/1488\/revisions"}],"wp:attachment":[{"href":"https:\/\/sites.ffkarate.fr\/pyreneesorientales\/wp-json\/wp\/v2\/media?parent=1488"}],"wp:term":[{"taxonomy":"category","embeddable":true,"href":"https:\/\/sites.ffkarate.fr\/pyreneesorientales\/wp-json\/wp\/v2\/categories?post=1488"},{"taxonomy":"post_tag","embeddable":true,"href":"https:\/\/sites.ffkarate.fr\/pyreneesorientales\/wp-json\/wp\/v2\/tags?post=1488"}],"curies":[{"name":"wp","href":"https:\/\/api.w.org\/{rel}","templated":true}]}}