{"id":4568,"date":"2025-09-30T22:52:10","date_gmt":"2025-09-30T20:52:10","guid":{"rendered":"https:\/\/sites.ffkarate.fr\/pyreneesorientales\/?p=4568"},"modified":"2025-10-03T14:28:51","modified_gmt":"2025-10-03T12:28:51","slug":"formatio-de-juge-et-arbitre-a-perpignan","status":"publish","type":"post","link":"https:\/\/sites.ffkarate.fr\/pyreneesorientales\/2025\/09\/30\/formatio-de-juge-et-arbitre-a-perpignan\/","title":{"rendered":"Formation de Juge et Arbitre \u00e0 Perpignan"},"content":{"rendered":"<div class=\"wpb-content-wrapper\"><p>[vc_row][vc_column][vc_column_text]<\/p>\n<p class=\"ox-8bb73e696d-MsoNormal\">Mesdames, Messieurs,<br \/>\nLes Pr\u00e9sidentes et Pr\u00e9sidents,<br \/>\nLes Professeures et Professeurs,<br \/>\nLicenci\u00e9es et licenci\u00e9s,<\/p>\n<p class=\"ox-8bb73e696d-MsoNormal\">Nous avons le plaisir de vous inviter \u00e0 une\u00a0<b>formation d\u2019arbitrage<\/b>, \u00e0 la fois\u00a0<b>importante et enrichissante<\/b>, qui se tiendra le\u00a0<b>samedi 18 octobre<\/b>.<\/p>\n<p class=\"ox-8bb73e696d-MsoNormal\">Le karat\u00e9 est un art martial en constante \u00e9volution et la r\u00e9glementation ne d\u00e9roge pas \u00e0 cette r\u00e8gle. Il est donc essentiel pour chacun d\u2019entre nous de rester \u00e0 jour sur les derni\u00e8res r\u00e9glementations d&rsquo;arbitrage. C\u2019est pourquoi nous vous encourageons vivement \u00e0 participer \u00e0 cette\u00a0<b>Formation de Juge\/Arbitre<\/b>,\u00a0<b>ouverte \u00e0 tous les licenci\u00e9s<\/b>\u00a0\u00e0 partir de 13 ans.<\/p>\n<div class=\"ox-8bb73e696d-MsoNormal\" align=\"center\">\n<hr align=\"center\" size=\"2\" width=\"100%\" \/>\n<\/div>\n<p class=\"ox-8bb73e696d-MsoNormal\"><b>* Programme de la Formation<\/b><\/p>\n<p class=\"ox-8bb73e696d-MsoNormal\"><b>\u00a0 \u00a0 Anim\u00e9e par M. Arnaud GRAELS<\/b>\u00a0(juge\/arbitre \u2013 Ligue A)<\/p>\n<ul type=\"disc\">\n<li class=\"ox-8bb73e696d-MsoNormal\"><b>Objectif<\/b>\u00a0: Formation Juges\/Arbitres (\u00e9tude de la r\u00e9glementation, kata\/combat et nouveaut\u00e9s).<\/li>\n<li class=\"ox-8bb73e696d-MsoNormal\"><b>Obligatoire<\/b>\u00a0pour les arbitres, jeunes arbitres et stagiaires d\u00e9partementaux souhaitant officier sur la saison 2025\/2026.<\/li>\n<li class=\"ox-8bb73e696d-MsoNormal\"><b>Ouverte<\/b>\u00a0\u00e0 toute nouvelle personne licenci\u00e9e (saison 2025\/2026), d\u00e8s 13 ans, int\u00e9ress\u00e9e par l\u2019arbitrage ou souhaitant simplement d\u00e9couvrir le nouveau r\u00e8glement.<\/li>\n<\/ul>\n<p class=\"ox-8bb73e696d-MsoNormal\"><b>\u00a0&#8211; Quand<\/b>\u00a0: Samedi 18 octobre<br \/>\n<b>\u00a0&#8211; O\u00f9<\/b>\u00a0: 1 bis rue Benjamin Franklin \u2013 66000 Perpignan<\/p>\n<p class=\"ox-8bb73e696d-MsoNormal\">\u00a0&#8211;\u00a0<b>D\u00e9roulement<\/b>\u00a0:<\/p>\n<ul type=\"disc\">\n<li class=\"ox-8bb73e696d-MsoNormal\">09\u00a0h\u00a030 : Accueil \u2013 Caf\u00e9 \u2013 \u00c9margement<\/li>\n<li class=\"ox-8bb73e696d-MsoNormal\">10\u00a0h\u00a000-12\u00a0h\u00a030 : R\u00e9glementation \u2013 Kata\/Combat \u2013 Nouveaut\u00e9s 2025\/2026<\/li>\n<li class=\"ox-8bb73e696d-MsoNormal\">12\u00a0h\u00a030-14\u00a0h\u00a000 : Pause d\u00e9jeuner<\/li>\n<li class=\"ox-8bb73e696d-MsoNormal\">14\u00a0h\u00a000-16\u00a0h\u00a030 : Th\u00e9orie et \u00e9tude de cas<\/li>\n<\/ul>\n<p class=\"ox-8bb73e696d-MsoNormal\">\u00a0 &#8211;\u00a0<b>Pour qui<\/b>\u00a0: Ouvert \u00e0 tous les licenci\u00e9s \u00e0 partir de 13 ans, quel que soit votre grade ou niveau !<\/p>\n<p class=\"ox-8bb73e696d-MsoNormal\"><b>* Pourquoi Participer ?<\/b><\/p>\n<ol start=\"1\" type=\"1\">\n<li class=\"ox-8bb73e696d-MsoNormal\"><b>Ma\u00eetriser les r\u00e8gles<\/b>\u00a0: Une occasion id\u00e9ale d\u2019\u00eatre form\u00e9(e) directement sur les nouvelles r\u00e9glementations d\u2019arbitrage. Mieux comprendre les r\u00e8gles, c\u2019est mieux pratiquer et mieux se pr\u00e9parer en comp\u00e9tition.<\/li>\n<li class=\"ox-8bb73e696d-MsoNormal\"><b>Mieux accompagner les comp\u00e9titeurs<\/b>\u00a0: Pour celles et ceux qui encadrent ou conseillent nos jeunes, cette formation est un outil p\u00e9dagogique pr\u00e9cieux. Vous serez en mesure d\u2019expliquer clairement les r\u00e8gles et de mieux pr\u00e9parer les \u00e9l\u00e8ves aux comp\u00e9titions.<\/li>\n<li class=\"ox-8bb73e696d-MsoNormal\"><b>Renforcer la vie du club<\/b>\u00a0: Votre participation contribue \u00e0 l\u2019expertise collective et \u00e0 une meilleure compr\u00e9hension du jeu de l\u2019int\u00e9rieur. C\u2019est une d\u00e9marche constructive et f\u00e9d\u00e9ratrice pour la vie de notre comit\u00e9, qui unit notre passion commune.<\/li>\n<\/ol>\n<hr align=\"center\" size=\"2\" width=\"100%\" \/>\n<p class=\"ox-8bb73e696d-MsoNormal\">\u00a0 \u00a0 C\u2019est une opportunit\u00e9 unique d\u2019acqu\u00e9rir de nouvelles connaissances, de progresser et de jouer un r\u00f4le actif dans le d\u00e9veloppement du karat\u00e9 \u2014 pour vous-m\u00eame, pour vos \u00e9l\u00e8ves et pour votre club.<\/p>\n<p class=\"ox-8bb73e696d-MsoNormal\">\u00a0 \u00a0 Ensemble, faisons de nos clubs un\u00a0<b>p\u00f4le d\u2019excellence en mati\u00e8re de connaissances des r\u00e8gles et du Fair-Play<\/b>.<\/p>\n<hr align=\"center\" size=\"2\" width=\"100%\" \/>\n<p class=\"ox-8bb73e696d-MsoNormal\"><b>\u00a0 \u00a0Inscription obligatoire\u00a0 :\u00a0<\/b>Contactez d\u00e8s maintenant la secr\u00e9taire g\u00e9n\u00e9rale du comit\u00e9 :<\/p>\n<p class=\"ox-8bb73e696d-MsoNormal\">\u00a0 \u00a0<span style=\"font-size: large\">Vanessa \u2013 07 71 24 53 04<br \/>\nMail\u00a0:\u00a0\u00a0<a class=\"mailto-link\" href=\"mailto:cdkda66secretairegeneral@gmail.com\" target=\"_blank\" rel=\"noopener\">cdkda66secretairegeneral@gmail.com<\/a><\/span><\/p>\n<p class=\"ox-8bb73e696d-MsoNormal\"><span style=\"font-size: large\">Nous comptons sur votre motivation et votre pr\u00e9sence !<\/span><\/p>\n<p class=\"ox-8bb73e696d-MsoNormal\"><span style=\"font-size: large\">Au plaisir de vous retrouver,<\/span><\/p>\n<p class=\"ox-8bb73e696d-MsoNormal\"><span style=\"font-size: large\"><b>Sportivement,<\/b><\/span><\/p>\n<p class=\"ox-8bb73e696d-MsoNormal\"><b><br \/>\n<\/b>\u00a0\u00a0<span style=\"font-size: large\">\u00a0Le Pr\u00e9sident<\/span><\/p>\n<p class=\"ox-8bb73e696d-MsoNormal\"><span style=\"font-size: large\">\u00a0 \u00a0Anthony ELKAIM<\/span><\/p>\n<p>[\/vc_column_text][\/vc_column][\/vc_row][vc_row][vc_column][vc_single_image image=\u00a0\u00bb4564&Prime;][\/vc_column][\/vc_row]<\/p>\n<\/div>","protected":false},"excerpt":{"rendered":"<p>[vc_row][vc_column][vc_column_text] Mesdames, Messieurs, Les Pr\u00e9sidentes et Pr\u00e9sidents, Les Professeures et Professeurs, Licenci\u00e9es et licenci\u00e9s, Nous avons le plaisir de vous inviter \u00e0 une\u00a0formation d\u2019arbitrage, \u00e0 la fois\u00a0importante et enrichissante, qui se tiendra le\u00a0samedi 18 octobre. Le karat\u00e9 est un art martial en constante \u00e9volution et la r\u00e9glementation ne d\u00e9roge pas \u00e0 cette r\u00e8gle. Il est [&hellip;]<\/p>\n","protected":false},"author":190,"featured_media":0,"comment_status":"open","ping_status":"open","sticky":false,"template":"","format":"standard","meta":{"footnotes":""},"categories":[1],"tags":[],"class_list":["post-4568","post","type-post","status-publish","format-standard","hentry","category-non-classe"],"_links":{"self":[{"href":"https:\/\/sites.ffkarate.fr\/pyreneesorientales\/wp-json\/wp\/v2\/posts\/4568","targetHints":{"allow":["GET"]}}],"collection":[{"href":"https:\/\/sites.ffkarate.fr\/pyreneesorientales\/wp-json\/wp\/v2\/posts"}],"about":[{"href":"https:\/\/sites.ffkarate.fr\/pyreneesorientales\/wp-json\/wp\/v2\/types\/post"}],"author":[{"embeddable":true,"href":"https:\/\/sites.ffkarate.fr\/pyreneesorientales\/wp-json\/wp\/v2\/users\/190"}],"replies":[{"embeddable":true,"href":"https:\/\/sites.ffkarate.fr\/pyreneesorientales\/wp-json\/wp\/v2\/comments?post=4568"}],"version-history":[{"count":3,"href":"https:\/\/sites.ffkarate.fr\/pyreneesorientales\/wp-json\/wp\/v2\/posts\/4568\/revisions"}],"predecessor-version":[{"id":4572,"href":"https:\/\/sites.ffkarate.fr\/pyreneesorientales\/wp-json\/wp\/v2\/posts\/4568\/revisions\/4572"}],"wp:attachment":[{"href":"https:\/\/sites.ffkarate.fr\/pyreneesorientales\/wp-json\/wp\/v2\/media?parent=4568"}],"wp:term":[{"taxonomy":"category","embeddable":true,"href":"https:\/\/sites.ffkarate.fr\/pyreneesorientales\/wp-json\/wp\/v2\/categories?post=4568"},{"taxonomy":"post_tag","embeddable":true,"href":"https:\/\/sites.ffkarate.fr\/pyreneesorientales\/wp-json\/wp\/v2\/tags?post=4568"}],"curies":[{"name":"wp","href":"https:\/\/api.w.org\/{rel}","templated":true}]}}