{"id":582,"date":"2016-11-28T18:34:22","date_gmt":"2016-11-28T17:34:22","guid":{"rendered":"https:\/\/sites.ffkarate.fr\/pyreneesorientales\/?post_type=news&amp;p=582"},"modified":"2016-11-28T18:34:22","modified_gmt":"2016-11-28T17:34:22","slug":"le-saviez-vous","status":"publish","type":"post","link":"https:\/\/sites.ffkarate.fr\/pyreneesorientales\/2016\/11\/28\/le-saviez-vous\/","title":{"rendered":"Le saviez-vous ?"},"content":{"rendered":"<div class=\"wpb-content-wrapper\"><p>[vc_row][vc_column][vc_column_text]La f\u00e9d\u00e9ration \u00ab\u00a0Okinawa Dento Karate Shinkoukai\u00a0\u00bb avait le projet de briser le record mondial du livre Guinness pour le nombre de participants \u00e0 une performance de karat\u00e9 en octobre 2016.<\/p>\n<p>Bien entendu les Karateka Okinawaiens \u00e9taient tous au rendez-vous mais aussi des Karateka du monde entier se sont d\u00e9plac\u00e9s .<\/p>\n<p>Parmi eux, un Fran\u00e7ais , Patrick Rault enseignant \u00e0 Perpignan et Argel\u00e8s, personnage connu et reconnu dans le milieu du Karate puisqu\u2019il a \u00e9t\u00e9 le premier fran\u00e7ais a enseigner le Karate au Japon o\u00f9 il a v\u00e9cu 15 ann\u00e9es, expert f\u00e9d\u00e9ral 7e dan de la f\u00e9d\u00e9ration fran\u00e7aise de Karate , directeur technique national de l\u2019association Okinawa Karate do Kyudokan France .<\/p>\n<p>C\u2019est donc \u00e0 l\u2019occasion de son 49eme stage \u00e0 Okinawa qu\u2019il a pu participer \u00e0 la journ\u00e9e du Karate le 25 Oct mais aussi au record mondial Guinness .<\/p>\n<p>En effet, 3973 karateka se sont pr\u00e9sent\u00e9s pour participer afin de battre le record Guinness . C\u2019\u00e9tait donc la premi\u00e8re fois qu\u2019autant de karateka se retrouvaient, dans la rue principale d\u2019Okinawa \u00ab\u00a0 Kokusai dori\u00a0\u00bb . c\u2019est avec le kata \u00ab\u00a0fukyu kata ichi\u00a0\u00bb (\u666e\u53ca\u5f62 1) que le record f\u00fbt battu .<\/p>\n<p>Le 25 octobre 2016, \u00a0la journ\u00e9e du Karate fut c\u00e9l\u00e9br\u00e9e par une d\u00e9monstration au Budokan d&rsquo;Okinawa , 400 instructeurs du monde entier \u00e9taient pr\u00e9sents. Patrick Rault a d\u00e9montr\u00e9 le Kata Jion devant les plus grands maitres d&rsquo;Okinawa ainsi que devant un public de connaisseurs .<\/p>\n<p>Des \u00a0\u00e9v\u00e8nements qui marquent \u00e0 jamais l\u2019histoire du Karat\u00e9.<\/p>\n<p>&nbsp;<\/p>\n<p>par G\u00e9rard Gillot \u00ab\u00a0Pr\u00e9sident de l\u2019association okinawa Shorin ryu Karate do Kyudokan France\u00a0\u00bb<\/p>\n<p>\n\t\t<style type=\"text\/css\">\n\t\t\t#gallery-1 {\n\t\t\t\tmargin: auto;\n\t\t\t}\n\t\t\t#gallery-1 .gallery-item {\n\t\t\t\tfloat: left;\n\t\t\t\tmargin-top: 10px;\n\t\t\t\ttext-align: center;\n\t\t\t\twidth: 33%;\n\t\t\t}\n\t\t\t#gallery-1 img {\n\t\t\t\tborder: 2px solid #cfcfcf;\n\t\t\t}\n\t\t\t#gallery-1 .gallery-caption {\n\t\t\t\tmargin-left: 0;\n\t\t\t}\n\t\t\t\/* see gallery_shortcode() in wp-includes\/media.php *\/\n\t\t<\/style>\n\t\t<div id='gallery-1' class='gallery galleryid-582 gallery-columns-3 gallery-size-thumbnail'><dl class='gallery-item'>\n\t\t\t<dt class='gallery-icon portrait'>\n\t\t\t\t<a href='https:\/\/sites.ffkarate.fr\/pyreneesorientales\/wp-content\/uploads\/sites\/85\/2016\/11\/FullSizeRender-4.jpg'><img decoding=\"async\" width=\"176\" height=\"176\" src=\"https:\/\/sites.ffkarate.fr\/pyreneesorientales\/wp-content\/uploads\/sites\/85\/2016\/11\/FullSizeRender-4-176x176.jpg\" class=\"attachment-thumbnail size-thumbnail\" alt=\"\" aria-describedby=\"gallery-1-585\" \/><\/a>\n\t\t\t<\/dt>\n\t\t\t\t<dd class='wp-caption-text gallery-caption' id='gallery-1-585'>\n\t\t\t\tAffiche de l&rsquo;\u00e9v\u00e9nement\n\t\t\t\t<\/dd><\/dl><dl class='gallery-item'>\n\t\t\t<dt class='gallery-icon landscape'>\n\t\t\t\t<a href='https:\/\/sites.ffkarate.fr\/pyreneesorientales\/wp-content\/uploads\/sites\/85\/2016\/11\/FullSizeRender-7-scaled.jpg'><img decoding=\"async\" width=\"176\" height=\"176\" src=\"https:\/\/sites.ffkarate.fr\/pyreneesorientales\/wp-content\/uploads\/sites\/85\/2016\/11\/FullSizeRender-7-176x176.jpg\" class=\"attachment-thumbnail size-thumbnail\" alt=\"\" aria-describedby=\"gallery-1-586\" \/><\/a>\n\t\t\t<\/dt>\n\t\t\t\t<dd class='wp-caption-text gallery-caption' id='gallery-1-586'>\n\t\t\t\tValidation du record\n\t\t\t\t<\/dd><\/dl><dl class='gallery-item'>\n\t\t\t<dt class='gallery-icon portrait'>\n\t\t\t\t<a href='https:\/\/sites.ffkarate.fr\/pyreneesorientales\/wp-content\/uploads\/sites\/85\/2016\/11\/FullSizeRender-6.jpg'><img decoding=\"async\" width=\"176\" height=\"176\" src=\"https:\/\/sites.ffkarate.fr\/pyreneesorientales\/wp-content\/uploads\/sites\/85\/2016\/11\/FullSizeRender-6-176x176.jpg\" class=\"attachment-thumbnail size-thumbnail\" alt=\"\" aria-describedby=\"gallery-1-587\" \/><\/a>\n\t\t\t<\/dt>\n\t\t\t\t<dd class='wp-caption-text gallery-caption' id='gallery-1-587'>\n\t\t\t\tPremier timbre cr\u00e9\u00e9 pour l&rsquo;\u00e9v\u00e9nement\n\t\t\t\t<\/dd><\/dl><br style=\"clear: both\" \/>\n\t\t<\/div>\n[\/vc_column_text][\/vc_column][\/vc_row]<\/p>\n<\/div>","protected":false},"excerpt":{"rendered":"<p>[vc_row][vc_column][vc_column_text]La f\u00e9d\u00e9ration \u00ab\u00a0Okinawa Dento Karate Shinkoukai\u00a0\u00bb avait le projet de briser le record mondial du livre Guinness pour le nombre de participants \u00e0 une performance de karat\u00e9 en octobre 2016. Bien entendu les Karateka Okinawaiens \u00e9taient tous au rendez-vous mais aussi des Karateka du monde entier se sont d\u00e9plac\u00e9s . Parmi eux, un Fran\u00e7ais , [&hellip;]<\/p>\n","protected":false},"author":141,"featured_media":0,"comment_status":"open","ping_status":"open","sticky":false,"template":"","format":"standard","meta":{"footnotes":""},"categories":[1],"tags":[41,42,48,55],"class_list":["post-582","post","type-post","status-publish","format-standard","hentry","category-non-classe","tag-journee-mondiale","tag-karate","tag-okinawa","tag-record"],"_links":{"self":[{"href":"https:\/\/sites.ffkarate.fr\/pyreneesorientales\/wp-json\/wp\/v2\/posts\/582","targetHints":{"allow":["GET"]}}],"collection":[{"href":"https:\/\/sites.ffkarate.fr\/pyreneesorientales\/wp-json\/wp\/v2\/posts"}],"about":[{"href":"https:\/\/sites.ffkarate.fr\/pyreneesorientales\/wp-json\/wp\/v2\/types\/post"}],"author":[{"embeddable":true,"href":"https:\/\/sites.ffkarate.fr\/pyreneesorientales\/wp-json\/wp\/v2\/users\/141"}],"replies":[{"embeddable":true,"href":"https:\/\/sites.ffkarate.fr\/pyreneesorientales\/wp-json\/wp\/v2\/comments?post=582"}],"version-history":[{"count":0,"href":"https:\/\/sites.ffkarate.fr\/pyreneesorientales\/wp-json\/wp\/v2\/posts\/582\/revisions"}],"wp:attachment":[{"href":"https:\/\/sites.ffkarate.fr\/pyreneesorientales\/wp-json\/wp\/v2\/media?parent=582"}],"wp:term":[{"taxonomy":"category","embeddable":true,"href":"https:\/\/sites.ffkarate.fr\/pyreneesorientales\/wp-json\/wp\/v2\/categories?post=582"},{"taxonomy":"post_tag","embeddable":true,"href":"https:\/\/sites.ffkarate.fr\/pyreneesorientales\/wp-json\/wp\/v2\/tags?post=582"}],"curies":[{"name":"wp","href":"https:\/\/api.w.org\/{rel}","templated":true}]}}