{"id":1036,"date":"2016-09-19T19:45:33","date_gmt":"2016-09-19T17:45:33","guid":{"rendered":"https:\/\/sites.ffkarate.fr\/rhonemetropoledelyon\/?post_type=news&amp;p=1036"},"modified":"2016-09-19T19:45:33","modified_gmt":"2016-09-19T17:45:33","slug":"assemblees-generales","status":"publish","type":"post","link":"https:\/\/sites.ffkarate.fr\/rhonemetropoledelyon\/2016\/09\/19\/assemblees-generales\/","title":{"rendered":"Assembl\u00e9es G\u00e9n\u00e9rales"},"content":{"rendered":"<div class=\"wpb-content-wrapper\"><p>[vc_row][vc_column][vc_column_text]L&rsquo;assembl\u00e9e g\u00e9n\u00e9rale ordinaire du comit\u00e9 se tiendra le samedi 5 novembre 2016 \u00e0 14h00 \u00e0 l&rsquo;office des sports m\u00e9tropolitain, \u00e0 Gerland. La v\u00e9rification des identit\u00e9s, cotisations, licences et \u00e9ventuels pouvoirs se feront de 13h00 \u00e0 14h00. Merci de vous pr\u00e9senter avant 13h50.<\/p>\n<p>Elle sera suivie d&rsquo;une assembl\u00e9e g\u00e9n\u00e9rale extraordinaire et d&rsquo;une assembl\u00e9e g\u00e9n\u00e9rale \u00e9lective.[\/vc_column_text][\/vc_column][\/vc_row]<\/p>\n<\/div>","protected":false},"excerpt":{"rendered":"<p>[vc_row][vc_column][vc_column_text]L&rsquo;assembl\u00e9e g\u00e9n\u00e9rale ordinaire du comit\u00e9 se tiendra le samedi 5 novembre 2016 \u00e0 14h00 \u00e0 l&rsquo;office des sports m\u00e9tropolitain, \u00e0 Gerland. La v\u00e9rification des identit\u00e9s, cotisations, licences et \u00e9ventuels pouvoirs se feront de 13h00 \u00e0 14h00. Merci de vous pr\u00e9senter avant 13h50. Elle sera suivie d&rsquo;une assembl\u00e9e g\u00e9n\u00e9rale extraordinaire et d&rsquo;une assembl\u00e9e g\u00e9n\u00e9rale \u00e9lective.[\/vc_column_text][\/vc_column][\/vc_row]<\/p>\n","protected":false},"author":143,"featured_media":0,"comment_status":"closed","ping_status":"closed","sticky":false,"template":"","format":"standard","meta":{"footnotes":""},"categories":[1],"tags":[],"class_list":["post-1036","post","type-post","status-publish","format-standard","hentry","category-non-classe"],"_links":{"self":[{"href":"https:\/\/sites.ffkarate.fr\/rhonemetropoledelyon\/wp-json\/wp\/v2\/posts\/1036","targetHints":{"allow":["GET"]}}],"collection":[{"href":"https:\/\/sites.ffkarate.fr\/rhonemetropoledelyon\/wp-json\/wp\/v2\/posts"}],"about":[{"href":"https:\/\/sites.ffkarate.fr\/rhonemetropoledelyon\/wp-json\/wp\/v2\/types\/post"}],"author":[{"embeddable":true,"href":"https:\/\/sites.ffkarate.fr\/rhonemetropoledelyon\/wp-json\/wp\/v2\/users\/143"}],"replies":[{"embeddable":true,"href":"https:\/\/sites.ffkarate.fr\/rhonemetropoledelyon\/wp-json\/wp\/v2\/comments?post=1036"}],"version-history":[{"count":0,"href":"https:\/\/sites.ffkarate.fr\/rhonemetropoledelyon\/wp-json\/wp\/v2\/posts\/1036\/revisions"}],"wp:attachment":[{"href":"https:\/\/sites.ffkarate.fr\/rhonemetropoledelyon\/wp-json\/wp\/v2\/media?parent=1036"}],"wp:term":[{"taxonomy":"category","embeddable":true,"href":"https:\/\/sites.ffkarate.fr\/rhonemetropoledelyon\/wp-json\/wp\/v2\/categories?post=1036"},{"taxonomy":"post_tag","embeddable":true,"href":"https:\/\/sites.ffkarate.fr\/rhonemetropoledelyon\/wp-json\/wp\/v2\/tags?post=1036"}],"curies":[{"name":"wp","href":"https:\/\/api.w.org\/{rel}","templated":true}]}}