{"id":1050,"date":"2016-10-09T09:07:19","date_gmt":"2016-10-09T07:07:19","guid":{"rendered":"https:\/\/sites.ffkarate.fr\/rhonemetropoledelyon\/?post_type=news&amp;p=1050"},"modified":"2016-10-09T09:07:19","modified_gmt":"2016-10-09T07:07:19","slug":"coupe-departementale-contact-23102016","status":"publish","type":"post","link":"https:\/\/sites.ffkarate.fr\/rhonemetropoledelyon\/2016\/10\/09\/coupe-departementale-contact-23102016\/","title":{"rendered":"Coupe D\u00e9partementale Contact &#8211; 23\/10\/2016"},"content":{"rendered":"<div class=\"wpb-content-wrapper\"><p>[vc_row][vc_column][vc_column_text]Suite \u00e0 une d\u00e9cision du DTD, la coupe d\u00e9partementale contact concernera le Light Contact, des cat\u00e9gories pupilles \u00e0 v\u00e9t\u00e9rans. Il n&rsquo;y aura pas de Full Contact.<\/p>\n<p>Cette coupe est ouverte aux autres d\u00e9partements, qui pourront envoyer leurs inscriptions \u00e0 ffkrhone@gmail.com au plus tard le 16 octobre.<\/p>\n<p>Pour les clubs du Rh\u00f4ne, l\u2019inscription se fera en ligne sur le site ffkcompetition.fr[\/vc_column_text][\/vc_column][\/vc_row]<\/p>\n<\/div>","protected":false},"excerpt":{"rendered":"<p>[vc_row][vc_column][vc_column_text]Suite \u00e0 une d\u00e9cision du DTD, la coupe d\u00e9partementale contact concernera le Light Contact, des cat\u00e9gories pupilles \u00e0 v\u00e9t\u00e9rans. Il n&rsquo;y aura pas de Full Contact. Cette coupe est ouverte aux autres d\u00e9partements, qui pourront envoyer leurs inscriptions \u00e0 ffkrhone@gmail.com au plus tard le 16 octobre. Pour les clubs du Rh\u00f4ne, l\u2019inscription se fera en [&hellip;]<\/p>\n","protected":false},"author":143,"featured_media":0,"comment_status":"closed","ping_status":"closed","sticky":false,"template":"","format":"standard","meta":{"footnotes":""},"categories":[1],"tags":[],"class_list":["post-1050","post","type-post","status-publish","format-standard","hentry","category-non-classe"],"_links":{"self":[{"href":"https:\/\/sites.ffkarate.fr\/rhonemetropoledelyon\/wp-json\/wp\/v2\/posts\/1050","targetHints":{"allow":["GET"]}}],"collection":[{"href":"https:\/\/sites.ffkarate.fr\/rhonemetropoledelyon\/wp-json\/wp\/v2\/posts"}],"about":[{"href":"https:\/\/sites.ffkarate.fr\/rhonemetropoledelyon\/wp-json\/wp\/v2\/types\/post"}],"author":[{"embeddable":true,"href":"https:\/\/sites.ffkarate.fr\/rhonemetropoledelyon\/wp-json\/wp\/v2\/users\/143"}],"replies":[{"embeddable":true,"href":"https:\/\/sites.ffkarate.fr\/rhonemetropoledelyon\/wp-json\/wp\/v2\/comments?post=1050"}],"version-history":[{"count":0,"href":"https:\/\/sites.ffkarate.fr\/rhonemetropoledelyon\/wp-json\/wp\/v2\/posts\/1050\/revisions"}],"wp:attachment":[{"href":"https:\/\/sites.ffkarate.fr\/rhonemetropoledelyon\/wp-json\/wp\/v2\/media?parent=1050"}],"wp:term":[{"taxonomy":"category","embeddable":true,"href":"https:\/\/sites.ffkarate.fr\/rhonemetropoledelyon\/wp-json\/wp\/v2\/categories?post=1050"},{"taxonomy":"post_tag","embeddable":true,"href":"https:\/\/sites.ffkarate.fr\/rhonemetropoledelyon\/wp-json\/wp\/v2\/tags?post=1050"}],"curies":[{"name":"wp","href":"https:\/\/api.w.org\/{rel}","templated":true}]}}