{"id":1238,"date":"2017-03-04T11:19:21","date_gmt":"2017-03-04T10:19:21","guid":{"rendered":"https:\/\/sites.ffkarate.fr\/rhonemetropoledelyon\/?post_type=news&amp;p=1238"},"modified":"2017-03-04T11:19:21","modified_gmt":"2017-03-04T10:19:21","slug":"open-light-contact-du-departement-du-rhone","status":"publish","type":"post","link":"https:\/\/sites.ffkarate.fr\/rhonemetropoledelyon\/2017\/03\/04\/open-light-contact-du-departement-du-rhone\/","title":{"rendered":"Open de karat\u00e9 light contact du d\u00e9partement du Rh\u00f4ne"},"content":{"rendered":"<div class=\"wpb-content-wrapper\"><p>[vc_row][vc_column][vc_column_text]<\/p>\n<p style=\"text-align: center\"><a href=\"https:\/\/sites.ffkarate.fr\/rhonemetropoledelyon\/wp-content\/uploads\/sites\/19\/2017\/03\/AfficheOpenKLContact020417.jpg\"><img decoding=\"async\" class=\"alignnone size-full wp-image-1276\" src=\"https:\/\/sites.ffkarate.fr\/rhonemetropoledelyon\/wp-content\/uploads\/sites\/19\/2017\/03\/AfficheOpenKLContact020417.jpg\" alt=\"AfficheOpenKLContact020417\" width=\"544\" height=\"770\" \/><\/a><\/p>\n<p>Dimanche 2\u00a0avril 2017, au complexe sportif l&rsquo;Escale d&rsquo;Arnas (2726 route de Longsard, 69400 ARNAS), le Comit\u00e9 organise l&rsquo;<strong>Open de karat\u00e9 light contact du d\u00e9partement du Rh\u00f4ne<\/strong>, de pupilles \u00e0 v\u00e9t\u00e9rans.<\/p>\n<p>Comp\u00e9titions ouvertes aux autres d\u00e9partements, <em><span style=\"text-decoration: underline\">l&rsquo;inscription s&rsquo;effectue en ligne sur le site f\u00e9d\u00e9ral jusqu&rsquo;au 25 mars 2017<\/span><\/em>.<\/p>\n<p>Les cat\u00e9gories de poids pourront \u00eatre regroup\u00e9es tout en n\u2019exc\u00e9dant pas 5 kg.<\/p>\n<p><em><span style=\"text-decoration: underline\">Protections obligatoires:<\/span><\/em> casque et ceinture de couleur rouge et bleu\u00a0; gants et prot\u00e8ges-pieds avec talons recouverts (peu importe la couleur)\u00a0; prot\u00e8ge-dents\u00a0; coquille (pour les hommes) et plastron (pour les femmes).<\/p>\n<p>L&rsquo;entr\u00e9e \u00e0 la comp\u00e9tition est gratuite.<\/p>\n<p>&nbsp;<\/p>\n<p><em><span style=\"text-decoration: underline\"><strong>Horaires de la comp\u00e9tition:<\/strong><\/span><\/em><\/p>\n<p><em>Contr\u00f4les et pes\u00e9es:<\/em><\/p>\n<p>de 9h30 \u00e0 10h: minimes et cadets;<\/p>\n<p>de 10h \u00e0 10h30: pupilles et benjamins;<\/p>\n<p>de 13h30 \u00e0 14h: juniors, s\u00e9niors et v\u00e9t\u00e9rans<\/p>\n<p><em>D\u00e9but de la comp\u00e9tition \u00e0 10h.<\/em>[\/vc_column_text][\/vc_column][\/vc_row]<\/p>\n<\/div>","protected":false},"excerpt":{"rendered":"<p>[vc_row][vc_column][vc_column_text] Dimanche 2\u00a0avril 2017, au complexe sportif l&rsquo;Escale d&rsquo;Arnas (2726 route de Longsard, 69400 ARNAS), le Comit\u00e9 organise l&rsquo;Open de karat\u00e9 light contact du d\u00e9partement du Rh\u00f4ne, de pupilles \u00e0 v\u00e9t\u00e9rans. Comp\u00e9titions ouvertes aux autres d\u00e9partements, l&rsquo;inscription s&rsquo;effectue en ligne sur le site f\u00e9d\u00e9ral jusqu&rsquo;au 25 mars 2017. Les cat\u00e9gories de poids pourront \u00eatre regroup\u00e9es [&hellip;]<\/p>\n","protected":false},"author":143,"featured_media":1237,"comment_status":"closed","ping_status":"closed","sticky":false,"template":"","format":"standard","meta":{"footnotes":""},"categories":[1],"tags":[],"class_list":["post-1238","post","type-post","status-publish","format-standard","hentry","category-non-classe"],"_links":{"self":[{"href":"https:\/\/sites.ffkarate.fr\/rhonemetropoledelyon\/wp-json\/wp\/v2\/posts\/1238","targetHints":{"allow":["GET"]}}],"collection":[{"href":"https:\/\/sites.ffkarate.fr\/rhonemetropoledelyon\/wp-json\/wp\/v2\/posts"}],"about":[{"href":"https:\/\/sites.ffkarate.fr\/rhonemetropoledelyon\/wp-json\/wp\/v2\/types\/post"}],"author":[{"embeddable":true,"href":"https:\/\/sites.ffkarate.fr\/rhonemetropoledelyon\/wp-json\/wp\/v2\/users\/143"}],"replies":[{"embeddable":true,"href":"https:\/\/sites.ffkarate.fr\/rhonemetropoledelyon\/wp-json\/wp\/v2\/comments?post=1238"}],"version-history":[{"count":0,"href":"https:\/\/sites.ffkarate.fr\/rhonemetropoledelyon\/wp-json\/wp\/v2\/posts\/1238\/revisions"}],"wp:featuredmedia":[{"embeddable":true,"href":"https:\/\/sites.ffkarate.fr\/rhonemetropoledelyon\/wp-json\/wp\/v2\/media\/1237"}],"wp:attachment":[{"href":"https:\/\/sites.ffkarate.fr\/rhonemetropoledelyon\/wp-json\/wp\/v2\/media?parent=1238"}],"wp:term":[{"taxonomy":"category","embeddable":true,"href":"https:\/\/sites.ffkarate.fr\/rhonemetropoledelyon\/wp-json\/wp\/v2\/categories?post=1238"},{"taxonomy":"post_tag","embeddable":true,"href":"https:\/\/sites.ffkarate.fr\/rhonemetropoledelyon\/wp-json\/wp\/v2\/tags?post=1238"}],"curies":[{"name":"wp","href":"https:\/\/api.w.org\/{rel}","templated":true}]}}