{"id":1354,"date":"2017-03-29T13:56:07","date_gmt":"2017-03-29T11:56:07","guid":{"rendered":"https:\/\/sites.ffkarate.fr\/rhonemetropoledelyon\/?post_type=news&amp;p=1354"},"modified":"2017-03-29T13:56:07","modified_gmt":"2017-03-29T11:56:07","slug":"la-grande-recre-pour-lenfance-partenaire-de-la-coupe-du-rhone","status":"publish","type":"post","link":"https:\/\/sites.ffkarate.fr\/rhonemetropoledelyon\/2017\/03\/29\/la-grande-recre-pour-lenfance-partenaire-de-la-coupe-du-rhone\/","title":{"rendered":"La grande r\u00e9cr\u00e9 pour l&rsquo;enfance, partenaire de la Coupe du Rh\u00f4ne"},"content":{"rendered":"<div class=\"wpb-content-wrapper\"><p>[vc_row][vc_column][vc_column_text]Nous tenons \u00e0 remercier chaleureusement \u00a0l&rsquo;association \u00ab\u00a0La Grande R\u00e9cr\u00e9 pour l&rsquo;Enfance\u00a0\u00bb pour sa g\u00e9n\u00e9rosit\u00e9 et son implication, et qui offre de tr\u00e8s nombreux lots aux enfants\u00a0pour la Coupe du D\u00e9partement du Rh\u00f4ne \u00e0 Arnas ce 1er avril 2017.<\/p>\n<p><a href=\"https:\/\/sites.ffkarate.fr\/rhonemetropoledelyon\/wp-content\/uploads\/sites\/19\/2017\/03\/image009.png\"><img decoding=\"async\" class=\"alignnone size-full wp-image-1355\" src=\"https:\/\/sites.ffkarate.fr\/rhonemetropoledelyon\/wp-content\/uploads\/sites\/19\/2017\/03\/image009.png\" alt=\"image009\" width=\"413\" height=\"155\" \/><\/a>[\/vc_column_text][\/vc_column][\/vc_row]<\/p>\n<\/div>","protected":false},"excerpt":{"rendered":"<p>[vc_row][vc_column][vc_column_text]Nous tenons \u00e0 remercier chaleureusement \u00a0l&rsquo;association \u00ab\u00a0La Grande R\u00e9cr\u00e9 pour l&rsquo;Enfance\u00a0\u00bb pour sa g\u00e9n\u00e9rosit\u00e9 et son implication, et qui offre de tr\u00e8s nombreux lots aux enfants\u00a0pour la Coupe du D\u00e9partement du Rh\u00f4ne \u00e0 Arnas ce 1er avril 2017. [\/vc_column_text][\/vc_column][\/vc_row]<\/p>\n","protected":false},"author":143,"featured_media":0,"comment_status":"closed","ping_status":"closed","sticky":false,"template":"","format":"standard","meta":{"footnotes":""},"categories":[1],"tags":[],"class_list":["post-1354","post","type-post","status-publish","format-standard","hentry","category-non-classe"],"_links":{"self":[{"href":"https:\/\/sites.ffkarate.fr\/rhonemetropoledelyon\/wp-json\/wp\/v2\/posts\/1354","targetHints":{"allow":["GET"]}}],"collection":[{"href":"https:\/\/sites.ffkarate.fr\/rhonemetropoledelyon\/wp-json\/wp\/v2\/posts"}],"about":[{"href":"https:\/\/sites.ffkarate.fr\/rhonemetropoledelyon\/wp-json\/wp\/v2\/types\/post"}],"author":[{"embeddable":true,"href":"https:\/\/sites.ffkarate.fr\/rhonemetropoledelyon\/wp-json\/wp\/v2\/users\/143"}],"replies":[{"embeddable":true,"href":"https:\/\/sites.ffkarate.fr\/rhonemetropoledelyon\/wp-json\/wp\/v2\/comments?post=1354"}],"version-history":[{"count":0,"href":"https:\/\/sites.ffkarate.fr\/rhonemetropoledelyon\/wp-json\/wp\/v2\/posts\/1354\/revisions"}],"wp:attachment":[{"href":"https:\/\/sites.ffkarate.fr\/rhonemetropoledelyon\/wp-json\/wp\/v2\/media?parent=1354"}],"wp:term":[{"taxonomy":"category","embeddable":true,"href":"https:\/\/sites.ffkarate.fr\/rhonemetropoledelyon\/wp-json\/wp\/v2\/categories?post=1354"},{"taxonomy":"post_tag","embeddable":true,"href":"https:\/\/sites.ffkarate.fr\/rhonemetropoledelyon\/wp-json\/wp\/v2\/tags?post=1354"}],"curies":[{"name":"wp","href":"https:\/\/api.w.org\/{rel}","templated":true}]}}