{"id":1360,"date":"2017-04-02T08:30:09","date_gmt":"2017-04-02T06:30:09","guid":{"rendered":"https:\/\/sites.ffkarate.fr\/rhonemetropoledelyon\/?post_type=news&amp;p=1360"},"modified":"2017-04-02T08:30:09","modified_gmt":"2017-04-02T06:30:09","slug":"coupe-du-departement-du-rhone","status":"publish","type":"post","link":"https:\/\/sites.ffkarate.fr\/rhonemetropoledelyon\/2017\/04\/02\/coupe-du-departement-du-rhone\/","title":{"rendered":"Coupe du D\u00e9partement du Rh\u00f4ne"},"content":{"rendered":"<div class=\"wpb-content-wrapper\"><p>[vc_row][vc_column][vc_column_text]F\u00e9licitations au Karat\u00e9 Club de Villefranche, qui gagne cette ann\u00e9e la Coupe du D\u00e9partement du Rh\u00f4ne avec 75 points. Le Karat\u00e9 Boxing Club d&rsquo;Albigny arrive deuxi\u00e8me avec 33 points, suivi du Club Omnisports de Saint Fons, 3\u00e8me, qui totalise 28 points. Nous remercions et f\u00e9licitions les clubs qui ont particip\u00e9, ainsi que l&rsquo;association La Grande R\u00e9cr\u00e9 Pour L&rsquo;Enfance, pour les tr\u00e8s nombreux cadeaux offerts aux enfants.[\/vc_column_text][\/vc_column][\/vc_row]<\/p>\n<\/div>","protected":false},"excerpt":{"rendered":"<p>[vc_row][vc_column][vc_column_text]F\u00e9licitations au Karat\u00e9 Club de Villefranche, qui gagne cette ann\u00e9e la Coupe du D\u00e9partement du Rh\u00f4ne avec 75 points. Le Karat\u00e9 Boxing Club d&rsquo;Albigny arrive deuxi\u00e8me avec 33 points, suivi du Club Omnisports de Saint Fons, 3\u00e8me, qui totalise 28 points. Nous remercions et f\u00e9licitions les clubs qui ont particip\u00e9, ainsi que l&rsquo;association La Grande [&hellip;]<\/p>\n","protected":false},"author":143,"featured_media":0,"comment_status":"closed","ping_status":"closed","sticky":false,"template":"","format":"standard","meta":{"footnotes":""},"categories":[1],"tags":[],"class_list":["post-1360","post","type-post","status-publish","format-standard","hentry","category-non-classe"],"_links":{"self":[{"href":"https:\/\/sites.ffkarate.fr\/rhonemetropoledelyon\/wp-json\/wp\/v2\/posts\/1360","targetHints":{"allow":["GET"]}}],"collection":[{"href":"https:\/\/sites.ffkarate.fr\/rhonemetropoledelyon\/wp-json\/wp\/v2\/posts"}],"about":[{"href":"https:\/\/sites.ffkarate.fr\/rhonemetropoledelyon\/wp-json\/wp\/v2\/types\/post"}],"author":[{"embeddable":true,"href":"https:\/\/sites.ffkarate.fr\/rhonemetropoledelyon\/wp-json\/wp\/v2\/users\/143"}],"replies":[{"embeddable":true,"href":"https:\/\/sites.ffkarate.fr\/rhonemetropoledelyon\/wp-json\/wp\/v2\/comments?post=1360"}],"version-history":[{"count":0,"href":"https:\/\/sites.ffkarate.fr\/rhonemetropoledelyon\/wp-json\/wp\/v2\/posts\/1360\/revisions"}],"wp:attachment":[{"href":"https:\/\/sites.ffkarate.fr\/rhonemetropoledelyon\/wp-json\/wp\/v2\/media?parent=1360"}],"wp:term":[{"taxonomy":"category","embeddable":true,"href":"https:\/\/sites.ffkarate.fr\/rhonemetropoledelyon\/wp-json\/wp\/v2\/categories?post=1360"},{"taxonomy":"post_tag","embeddable":true,"href":"https:\/\/sites.ffkarate.fr\/rhonemetropoledelyon\/wp-json\/wp\/v2\/tags?post=1360"}],"curies":[{"name":"wp","href":"https:\/\/api.w.org\/{rel}","templated":true}]}}