{"id":1488,"date":"2017-07-20T12:54:05","date_gmt":"2017-07-20T10:54:05","guid":{"rendered":"https:\/\/sites.ffkarate.fr\/rhonemetropoledelyon\/?post_type=news&amp;p=1488"},"modified":"2017-07-20T12:54:05","modified_gmt":"2017-07-20T10:54:05","slug":"certificat-medical","status":"publish","type":"post","link":"https:\/\/sites.ffkarate.fr\/rhonemetropoledelyon\/2017\/07\/20\/certificat-medical\/","title":{"rendered":"Certificat m\u00e9dical"},"content":{"rendered":"<div class=\"wpb-content-wrapper\"><p>[vc_row][vc_column][vc_column_text]&nbsp;<\/p>\n<p>Selon la circulaire (<a href=\"https:\/\/sites.ffkarate.fr\/rhonemetropoledelyon\/wp-content\/uploads\/sites\/19\/2017\/07\/Circulaire-FFKDA-certificat-m\u00e9dical.pdf\">Circulaire FFKDA &#8211; certificat m\u00e9dical<\/a>)\u00a0de la F\u00e9d\u00e9ration Fran\u00e7aise de Karat\u00e9 et Disciplines Associ\u00e9es:<\/p>\n<p>&#8211; Le certificat m\u00e9dical d<strong><em>&lsquo;absence de contre-indication \u00e0 la pratique du karat\u00e9 et des disciplines associ\u00e9es<\/em><\/strong> datant de moins d&rsquo;un an est obligatoire pour la d\u00e9livrance ou le renouvellement d&rsquo;une licence.<\/p>\n<p>&#8211; Le certificat m\u00e9dical d&rsquo;<em><strong>absence de contre-indication \u00e0 la pratique du karat\u00e9 et des disciplines associ\u00e9es en comp\u00e9tition<\/strong><\/em> datant de moins d&rsquo;un an au jour de la comp\u00e9tition est obligatoire pour la participation \u00e0 une comp\u00e9tition.<\/p>\n<p>&nbsp;[\/vc_column_text][\/vc_column][\/vc_row]<\/p>\n<\/div>","protected":false},"excerpt":{"rendered":"<p>[vc_row][vc_column][vc_column_text]&nbsp; Selon la circulaire (Circulaire FFKDA &#8211; certificat m\u00e9dical)\u00a0de la F\u00e9d\u00e9ration Fran\u00e7aise de Karat\u00e9 et Disciplines Associ\u00e9es: &#8211; Le certificat m\u00e9dical d&lsquo;absence de contre-indication \u00e0 la pratique du karat\u00e9 et des disciplines associ\u00e9es datant de moins d&rsquo;un an est obligatoire pour la d\u00e9livrance ou le renouvellement d&rsquo;une licence. &#8211; Le certificat m\u00e9dical d&rsquo;absence de contre-indication [&hellip;]<\/p>\n","protected":false},"author":143,"featured_media":1489,"comment_status":"closed","ping_status":"closed","sticky":false,"template":"","format":"standard","meta":{"footnotes":""},"categories":[1],"tags":[],"class_list":["post-1488","post","type-post","status-publish","format-standard","hentry","category-non-classe"],"_links":{"self":[{"href":"https:\/\/sites.ffkarate.fr\/rhonemetropoledelyon\/wp-json\/wp\/v2\/posts\/1488","targetHints":{"allow":["GET"]}}],"collection":[{"href":"https:\/\/sites.ffkarate.fr\/rhonemetropoledelyon\/wp-json\/wp\/v2\/posts"}],"about":[{"href":"https:\/\/sites.ffkarate.fr\/rhonemetropoledelyon\/wp-json\/wp\/v2\/types\/post"}],"author":[{"embeddable":true,"href":"https:\/\/sites.ffkarate.fr\/rhonemetropoledelyon\/wp-json\/wp\/v2\/users\/143"}],"replies":[{"embeddable":true,"href":"https:\/\/sites.ffkarate.fr\/rhonemetropoledelyon\/wp-json\/wp\/v2\/comments?post=1488"}],"version-history":[{"count":0,"href":"https:\/\/sites.ffkarate.fr\/rhonemetropoledelyon\/wp-json\/wp\/v2\/posts\/1488\/revisions"}],"wp:featuredmedia":[{"embeddable":true,"href":"https:\/\/sites.ffkarate.fr\/rhonemetropoledelyon\/wp-json\/wp\/v2\/media\/1489"}],"wp:attachment":[{"href":"https:\/\/sites.ffkarate.fr\/rhonemetropoledelyon\/wp-json\/wp\/v2\/media?parent=1488"}],"wp:term":[{"taxonomy":"category","embeddable":true,"href":"https:\/\/sites.ffkarate.fr\/rhonemetropoledelyon\/wp-json\/wp\/v2\/categories?post=1488"},{"taxonomy":"post_tag","embeddable":true,"href":"https:\/\/sites.ffkarate.fr\/rhonemetropoledelyon\/wp-json\/wp\/v2\/tags?post=1488"}],"curies":[{"name":"wp","href":"https:\/\/api.w.org\/{rel}","templated":true}]}}