{"id":2069,"date":"2018-03-20T12:45:05","date_gmt":"2018-03-20T11:45:05","guid":{"rendered":"https:\/\/sites.ffkarate.fr\/rhonemetropoledelyon\/?post_type=news&amp;p=2069"},"modified":"2018-03-20T12:45:05","modified_gmt":"2018-03-20T11:45:05","slug":"coupe-karate-light-contact-et-trophee-ppb-a-arnas-2018","status":"publish","type":"post","link":"https:\/\/sites.ffkarate.fr\/rhonemetropoledelyon\/2018\/03\/20\/coupe-karate-light-contact-et-trophee-ppb-a-arnas-2018\/","title":{"rendered":"Coupe Karat\u00e9 Light Contact et Troph\u00e9e PPB \u00e0 Arnas &#8211; 2018"},"content":{"rendered":"<div class=\"wpb-content-wrapper\"><p>[vc_row][vc_column][vc_column_text]Vous pourrez retrouver la liste des inscrits pour ces deux comp\u00e9titions sur la page comp\u00e9titions &gt; informations. Le Troph\u00e9e du D\u00e9partement se d\u00e9roule par poules constitu\u00e9es d&rsquo;enfants de m\u00eame niveau de ceinture au sein de leur cat\u00e9gorie.<\/p>\n<p>En raison du grand nombre d&rsquo;inscrits en Karat\u00e9 Light Contact, la Coupe se d\u00e9roulera par poules qualificatives, et des regroupements de cat\u00e9gories de poids n&rsquo;exc\u00e9dant pas 5kg seront possibles.[\/vc_column_text][\/vc_column][\/vc_row]<\/p>\n<\/div>","protected":false},"excerpt":{"rendered":"<p>[vc_row][vc_column][vc_column_text]Vous pourrez retrouver la liste des inscrits pour ces deux comp\u00e9titions sur la page comp\u00e9titions &gt; informations. Le Troph\u00e9e du D\u00e9partement se d\u00e9roule par poules constitu\u00e9es d&rsquo;enfants de m\u00eame niveau de ceinture au sein de leur cat\u00e9gorie. En raison du grand nombre d&rsquo;inscrits en Karat\u00e9 Light Contact, la Coupe se d\u00e9roulera par poules qualificatives, et [&hellip;]<\/p>\n","protected":false},"author":143,"featured_media":0,"comment_status":"closed","ping_status":"closed","sticky":false,"template":"","format":"standard","meta":{"footnotes":""},"categories":[1],"tags":[],"class_list":["post-2069","post","type-post","status-publish","format-standard","hentry","category-non-classe"],"_links":{"self":[{"href":"https:\/\/sites.ffkarate.fr\/rhonemetropoledelyon\/wp-json\/wp\/v2\/posts\/2069","targetHints":{"allow":["GET"]}}],"collection":[{"href":"https:\/\/sites.ffkarate.fr\/rhonemetropoledelyon\/wp-json\/wp\/v2\/posts"}],"about":[{"href":"https:\/\/sites.ffkarate.fr\/rhonemetropoledelyon\/wp-json\/wp\/v2\/types\/post"}],"author":[{"embeddable":true,"href":"https:\/\/sites.ffkarate.fr\/rhonemetropoledelyon\/wp-json\/wp\/v2\/users\/143"}],"replies":[{"embeddable":true,"href":"https:\/\/sites.ffkarate.fr\/rhonemetropoledelyon\/wp-json\/wp\/v2\/comments?post=2069"}],"version-history":[{"count":0,"href":"https:\/\/sites.ffkarate.fr\/rhonemetropoledelyon\/wp-json\/wp\/v2\/posts\/2069\/revisions"}],"wp:attachment":[{"href":"https:\/\/sites.ffkarate.fr\/rhonemetropoledelyon\/wp-json\/wp\/v2\/media?parent=2069"}],"wp:term":[{"taxonomy":"category","embeddable":true,"href":"https:\/\/sites.ffkarate.fr\/rhonemetropoledelyon\/wp-json\/wp\/v2\/categories?post=2069"},{"taxonomy":"post_tag","embeddable":true,"href":"https:\/\/sites.ffkarate.fr\/rhonemetropoledelyon\/wp-json\/wp\/v2\/tags?post=2069"}],"curies":[{"name":"wp","href":"https:\/\/api.w.org\/{rel}","templated":true}]}}