{"id":2233,"date":"2018-09-25T21:55:32","date_gmt":"2018-09-25T19:55:32","guid":{"rendered":"https:\/\/sites.ffkarate.fr\/rhonemetropoledelyon\/?post_type=news&amp;p=2233"},"modified":"2018-09-25T21:55:32","modified_gmt":"2018-09-25T19:55:32","slug":"stages-darbitrage-departementaux","status":"publish","type":"post","link":"https:\/\/sites.ffkarate.fr\/rhonemetropoledelyon\/2018\/09\/25\/stages-darbitrage-departementaux\/","title":{"rendered":"Stages d&rsquo;arbitrage d\u00e9partementaux"},"content":{"rendered":"<div class=\"wpb-content-wrapper\"><p>[vc_row][vc_column][vc_column_text]Le Comit\u00e9 organise deux stages d&rsquo;arbitrage, dirig\u00e9s par le responsable d\u00e9partemental G\u00e9rard Dahan et son adjoint Yannis Benallegue:<\/p>\n<p>&#8211; Le vendredi 5 octobre, \u00e0 19h30, \u00e0 la Maison du Judo (Lyon 3e): un stage kumite en karat\u00e9 traditionnel, en tenue d&rsquo;arbitrage.<\/p>\n<p>&#8211; Le vendredi 16 novembre,\u00a0\u00e0 19h30, \u00e0 la Maison du Judo (Lyon 3e): un stage\u00a0kata en karat\u00e9 traditionnel, en kimono.<\/p>\n<p><strong>Ces stages sont ouverts aux arbitres, stagiaires, futurs stagiaires, coachs et professeurs.<\/strong><\/p>\n<p>Voici le\u00a0<a href=\"https:\/\/sites.ffkarate.fr\/rhonemetropoledelyon\/wp-content\/uploads\/sites\/87\/2018\/09\/Reglement-darbitrage-2018-2019.pdf\">r\u00e8glement d&rsquo;arbitrage 2018-2019<\/a>[\/vc_column_text][\/vc_column][\/vc_row]<\/p>\n<\/div>","protected":false},"excerpt":{"rendered":"<p>[vc_row][vc_column][vc_column_text]Le Comit\u00e9 organise deux stages d&rsquo;arbitrage, dirig\u00e9s par le responsable d\u00e9partemental G\u00e9rard Dahan et son adjoint Yannis Benallegue: &#8211; Le vendredi 5 octobre, \u00e0 19h30, \u00e0 la Maison du Judo (Lyon 3e): un stage kumite en karat\u00e9 traditionnel, en tenue d&rsquo;arbitrage. &#8211; Le vendredi 16 novembre,\u00a0\u00e0 19h30, \u00e0 la Maison du Judo (Lyon 3e): un [&hellip;]<\/p>\n","protected":false},"author":143,"featured_media":1275,"comment_status":"closed","ping_status":"closed","sticky":false,"template":"","format":"standard","meta":{"footnotes":""},"categories":[1],"tags":[],"class_list":["post-2233","post","type-post","status-publish","format-standard","hentry","category-non-classe"],"_links":{"self":[{"href":"https:\/\/sites.ffkarate.fr\/rhonemetropoledelyon\/wp-json\/wp\/v2\/posts\/2233","targetHints":{"allow":["GET"]}}],"collection":[{"href":"https:\/\/sites.ffkarate.fr\/rhonemetropoledelyon\/wp-json\/wp\/v2\/posts"}],"about":[{"href":"https:\/\/sites.ffkarate.fr\/rhonemetropoledelyon\/wp-json\/wp\/v2\/types\/post"}],"author":[{"embeddable":true,"href":"https:\/\/sites.ffkarate.fr\/rhonemetropoledelyon\/wp-json\/wp\/v2\/users\/143"}],"replies":[{"embeddable":true,"href":"https:\/\/sites.ffkarate.fr\/rhonemetropoledelyon\/wp-json\/wp\/v2\/comments?post=2233"}],"version-history":[{"count":0,"href":"https:\/\/sites.ffkarate.fr\/rhonemetropoledelyon\/wp-json\/wp\/v2\/posts\/2233\/revisions"}],"wp:featuredmedia":[{"embeddable":true,"href":"https:\/\/sites.ffkarate.fr\/rhonemetropoledelyon\/wp-json\/wp\/v2\/media\/1275"}],"wp:attachment":[{"href":"https:\/\/sites.ffkarate.fr\/rhonemetropoledelyon\/wp-json\/wp\/v2\/media?parent=2233"}],"wp:term":[{"taxonomy":"category","embeddable":true,"href":"https:\/\/sites.ffkarate.fr\/rhonemetropoledelyon\/wp-json\/wp\/v2\/categories?post=2233"},{"taxonomy":"post_tag","embeddable":true,"href":"https:\/\/sites.ffkarate.fr\/rhonemetropoledelyon\/wp-json\/wp\/v2\/tags?post=2233"}],"curies":[{"name":"wp","href":"https:\/\/api.w.org\/{rel}","templated":true}]}}