{"id":2509,"date":"2019-03-01T15:09:14","date_gmt":"2019-03-01T14:09:14","guid":{"rendered":"https:\/\/sites.ffkarate.fr\/rhonemetropoledelyon\/?post_type=news&amp;p=2509"},"modified":"2019-03-01T15:09:14","modified_gmt":"2019-03-01T14:09:14","slug":"stage-technique-de-karate-le-14042019","status":"publish","type":"post","link":"https:\/\/sites.ffkarate.fr\/rhonemetropoledelyon\/2019\/03\/01\/stage-technique-de-karate-le-14042019\/","title":{"rendered":"Stage Technique de karat\u00e9 le 14\/04\/2019"},"content":{"rendered":"<div class=\"wpb-content-wrapper\"><p>[vc_row][vc_column][vc_column_text]<span class=\"m_4623616535389559792m_228366778599293751m_-9163329598344844767m_1589090672554682287gmail-im\">Le comit\u00e9 d\u00e9partemental du Rh\u00f4ne \/M\u00e9tropole de Lyon de karat\u00e9 et disciplines associ\u00e9es,<br \/>\n<\/span><\/p>\n<div>organise un stage technique de karat\u00e9, ouvert \u00e0 tous, dirig\u00e9 par notre Expert 9\u00e8me Dan<\/div>\n<div>Bernard Bilicki, qui aura lieu le :<\/div>\n<div><\/div>\n<div>\u00a0\u00a0<span style=\"font-size: xx-large\"><b> .\u00a0<\/b><\/span> 14 Avril ,de 9h30 \u00e0 midi, au dojo d\u2019\u00c9cully 5 rue Rigaud 69100.<\/div>\n<div><\/div>\n<div>Le th\u00e8me autour duquel nous travaillerons :<\/div>\n<p><span style=\"font-size: xx-large\"><b>.<\/b><\/span> \u00a0 <b>Apprentissage du tai-chi au travers de votre pratique .<\/b><\/p>\n<p>Cette rencontre se terminera autour d&rsquo; un ap\u00e9ro dinatoire<\/p>\n<p>Participation aux frais du stage : 15 euros<\/p>\n<p>Les inscriptions sont \u00e0 envoy\u00e9es par Mail au :<\/p>\n<div><span class=\"m_4623616535389559792m_228366778599293751m_-9163329598344844767m_1589090672554682287gmail-im\">\u00a0\u00a0\u00a0<span style=\"font-size: xx-large\"><b> .<\/b><\/span> \u00a0 <a href=\"mailto:dtd.cdk69@gmail.com\" target=\"_blank\" rel=\"noopener\">dtd.cdk69@gmail.com<\/a>\u00a0 avant le 1 Avril.<br \/>\n<\/span><\/div>\n<div><\/div>\n<div><\/div>\n<p>Pass\u00e9 cette date, aucune inscription ne pourra \u00eatre prise en compte, le nombre de places \u00e9tant limit\u00e9.<\/p>\n<div>R\u00e8glement\u00a0 sur place<i>\u00a0 <u><b>par ch\u00e8que bancaire uniquement, \u00e0 l&rsquo;ordre du comit\u00e9 d\u00e9partemental du Rh\u00f4ne.<\/b><\/u><\/i><\/div>\n<div><i><u><b>\u00a0<\/b><\/u><\/i><\/div>\n<p>[\/vc_column_text][\/vc_column][\/vc_row]<\/p>\n<\/div>","protected":false},"excerpt":{"rendered":"<p>[vc_row][vc_column][vc_column_text]Le comit\u00e9 d\u00e9partemental du Rh\u00f4ne \/M\u00e9tropole de Lyon de karat\u00e9 et disciplines associ\u00e9es, organise un stage technique de karat\u00e9, ouvert \u00e0 tous, dirig\u00e9 par notre Expert 9\u00e8me Dan Bernard Bilicki, qui aura lieu le : \u00a0\u00a0 .\u00a0 14 Avril ,de 9h30 \u00e0 midi, au dojo d\u2019\u00c9cully 5 rue Rigaud 69100. Le th\u00e8me autour duquel nous [&hellip;]<\/p>\n","protected":false},"author":143,"featured_media":2520,"comment_status":"closed","ping_status":"closed","sticky":false,"template":"","format":"standard","meta":{"footnotes":""},"categories":[1],"tags":[],"class_list":["post-2509","post","type-post","status-publish","format-standard","hentry","category-non-classe"],"_links":{"self":[{"href":"https:\/\/sites.ffkarate.fr\/rhonemetropoledelyon\/wp-json\/wp\/v2\/posts\/2509","targetHints":{"allow":["GET"]}}],"collection":[{"href":"https:\/\/sites.ffkarate.fr\/rhonemetropoledelyon\/wp-json\/wp\/v2\/posts"}],"about":[{"href":"https:\/\/sites.ffkarate.fr\/rhonemetropoledelyon\/wp-json\/wp\/v2\/types\/post"}],"author":[{"embeddable":true,"href":"https:\/\/sites.ffkarate.fr\/rhonemetropoledelyon\/wp-json\/wp\/v2\/users\/143"}],"replies":[{"embeddable":true,"href":"https:\/\/sites.ffkarate.fr\/rhonemetropoledelyon\/wp-json\/wp\/v2\/comments?post=2509"}],"version-history":[{"count":0,"href":"https:\/\/sites.ffkarate.fr\/rhonemetropoledelyon\/wp-json\/wp\/v2\/posts\/2509\/revisions"}],"wp:featuredmedia":[{"embeddable":true,"href":"https:\/\/sites.ffkarate.fr\/rhonemetropoledelyon\/wp-json\/wp\/v2\/media\/2520"}],"wp:attachment":[{"href":"https:\/\/sites.ffkarate.fr\/rhonemetropoledelyon\/wp-json\/wp\/v2\/media?parent=2509"}],"wp:term":[{"taxonomy":"category","embeddable":true,"href":"https:\/\/sites.ffkarate.fr\/rhonemetropoledelyon\/wp-json\/wp\/v2\/categories?post=2509"},{"taxonomy":"post_tag","embeddable":true,"href":"https:\/\/sites.ffkarate.fr\/rhonemetropoledelyon\/wp-json\/wp\/v2\/tags?post=2509"}],"curies":[{"name":"wp","href":"https:\/\/api.w.org\/{rel}","templated":true}]}}