{"id":2578,"date":"2019-05-23T23:25:57","date_gmt":"2019-05-23T21:25:57","guid":{"rendered":"https:\/\/sites.ffkarate.fr\/rhonemetropoledelyon\/?post_type=news&amp;p=2578"},"modified":"2019-05-23T23:25:57","modified_gmt":"2019-05-23T21:25:57","slug":"trophee-du-rhone-20182019","status":"publish","type":"post","link":"https:\/\/sites.ffkarate.fr\/rhonemetropoledelyon\/2019\/05\/23\/trophee-du-rhone-20182019\/","title":{"rendered":"Troph\u00e9e du Rhone 2018\/2019"},"content":{"rendered":"<div class=\"wpb-content-wrapper\"><p>[vc_row][vc_column][vc_column_text]Veuillez trouver ci-joint <strong>l&rsquo;affiche<\/strong> et les <strong>documents n\u00e9cessaires<\/strong> \u00e0 <strong>l&rsquo;inscription<\/strong> de vos comp\u00e9titeurs \u00e0 l&rsquo;occasion du <strong>Troph\u00e9e D\u00e9partemental du Rh\u00f4ne<\/strong>, du<em> 9 juin 2019<\/em>.<\/p>\n<p><a href=\"https:\/\/sites.ffkarate.fr\/rhonemetropoledelyon\/actualites\/trophee-du-rhone-20182019\/trophe-du-rhone-2018-2019-kumite\/\" rel=\"attachment wp-att-2576\">trophe du rhone 2018 2019 Kumite<\/a><\/p>\n<p><a href=\"https:\/\/sites.ffkarate.fr\/rhonemetropoledelyon\/actualites\/trophee-du-rhone-20182019\/inscription-2018-2019-vierge-rhone\/\" rel=\"attachment wp-att-2577\">inscription 2018-2019 vierge-rhone<\/a><\/p>\n<p><a href=\"https:\/\/sites.ffkarate.fr\/rhonemetropoledelyon\/actualites\/trophee-du-rhone-20182019\/affiche-trophee-departemental-9-juin-2019-a-arnas1\/\" rel=\"attachment wp-att-2575\"><img decoding=\"async\" class=\"alignnone size-full wp-image-2575\" src=\"https:\/\/sites.ffkarate.fr\/rhonemetropoledelyon\/wp-content\/uploads\/sites\/87\/2019\/05\/Affiche-trophee-departemental-9-juin-2019-a-Arnas1.jpg\" alt=\"Affiche troph\u00e9e d\u00e9partemental 9 juin 2019 \u00e0 Arnas1\" width=\"2608\" height=\"3520\" \/><\/a>[\/vc_column_text][\/vc_column][\/vc_row]<\/p>\n<\/div>","protected":false},"excerpt":{"rendered":"<p>[vc_row][vc_column][vc_column_text]Veuillez trouver ci-joint l&rsquo;affiche et les documents n\u00e9cessaires \u00e0 l&rsquo;inscription de vos comp\u00e9titeurs \u00e0 l&rsquo;occasion du Troph\u00e9e D\u00e9partemental du Rh\u00f4ne, du 9 juin 2019. trophe du rhone 2018 2019 Kumite inscription 2018-2019 vierge-rhone [\/vc_column_text][\/vc_column][\/vc_row]<\/p>\n","protected":false},"author":143,"featured_media":2575,"comment_status":"closed","ping_status":"closed","sticky":false,"template":"","format":"standard","meta":{"footnotes":""},"categories":[1],"tags":[],"class_list":["post-2578","post","type-post","status-publish","format-standard","hentry","category-non-classe"],"_links":{"self":[{"href":"https:\/\/sites.ffkarate.fr\/rhonemetropoledelyon\/wp-json\/wp\/v2\/posts\/2578","targetHints":{"allow":["GET"]}}],"collection":[{"href":"https:\/\/sites.ffkarate.fr\/rhonemetropoledelyon\/wp-json\/wp\/v2\/posts"}],"about":[{"href":"https:\/\/sites.ffkarate.fr\/rhonemetropoledelyon\/wp-json\/wp\/v2\/types\/post"}],"author":[{"embeddable":true,"href":"https:\/\/sites.ffkarate.fr\/rhonemetropoledelyon\/wp-json\/wp\/v2\/users\/143"}],"replies":[{"embeddable":true,"href":"https:\/\/sites.ffkarate.fr\/rhonemetropoledelyon\/wp-json\/wp\/v2\/comments?post=2578"}],"version-history":[{"count":0,"href":"https:\/\/sites.ffkarate.fr\/rhonemetropoledelyon\/wp-json\/wp\/v2\/posts\/2578\/revisions"}],"wp:featuredmedia":[{"embeddable":true,"href":"https:\/\/sites.ffkarate.fr\/rhonemetropoledelyon\/wp-json\/wp\/v2\/media\/2575"}],"wp:attachment":[{"href":"https:\/\/sites.ffkarate.fr\/rhonemetropoledelyon\/wp-json\/wp\/v2\/media?parent=2578"}],"wp:term":[{"taxonomy":"category","embeddable":true,"href":"https:\/\/sites.ffkarate.fr\/rhonemetropoledelyon\/wp-json\/wp\/v2\/categories?post=2578"},{"taxonomy":"post_tag","embeddable":true,"href":"https:\/\/sites.ffkarate.fr\/rhonemetropoledelyon\/wp-json\/wp\/v2\/tags?post=2578"}],"curies":[{"name":"wp","href":"https:\/\/api.w.org\/{rel}","templated":true}]}}