{"id":2604,"date":"2019-06-10T12:29:41","date_gmt":"2019-06-10T10:29:41","guid":{"rendered":"https:\/\/sites.ffkarate.fr\/rhonemetropoledelyon\/?post_type=news&amp;p=2604"},"modified":"2019-06-10T12:29:41","modified_gmt":"2019-06-10T10:29:41","slug":"trophee-du-departement-du-rhone-a-arnas","status":"publish","type":"post","link":"https:\/\/sites.ffkarate.fr\/rhonemetropoledelyon\/2019\/06\/10\/trophee-du-departement-du-rhone-a-arnas\/","title":{"rendered":"Troph\u00e9e du D\u00e9partement du Rhone \u00e0 Arnas"},"content":{"rendered":"<div class=\"wpb-content-wrapper\"><p>[vc_row][vc_column][vc_column_text]<strong>La comp\u00e9tition du dimanche 9 juin 2019 \u00e0 Arnas<\/strong> s&rsquo;est bien d\u00e9roul\u00e9e de 8h00 \u00e0 17h00. Les comp\u00e9titeurs PPB et minimes ont pu se rencontrer en <strong>combat kumite<\/strong> le matin et l&rsquo;apr\u00e8s midi les cat\u00e9gories de pupilles \u00e0 v\u00e9t\u00e9rans en <strong>karat\u00e9 light contact<\/strong>.<\/p>\n<p>Les enfants ont tous \u00e9t\u00e9 r\u00e9compens\u00e9s par une m\u00e9daille et un sac \u00e0 dos D\u00e9cathlon floqu\u00e9 au logo du comit\u00e9, offert par le magasin <strong>D\u00e9cathlon Ecully<\/strong>. Ils ont \u00e9galement particip\u00e9 \u00e0 <strong>une initiation au jeu pistolet laser<\/strong> encadr\u00e9 par un groupe de <strong>l&rsquo;\u00e9quipe karat\u00e9 police<\/strong>.<\/p>\n<p>Des <strong>photos de l&rsquo;\u00e9v\u00e9nement<\/strong> sont disponibles dans la galerie photo <strong>\u00ab\u00a0Troph\u00e9e du D\u00e9partement du Rh\u00f4ne \u00e0 Arnas\u00a0\u00bb<\/strong>.<\/p>\n<p>&nbsp;<\/p>\n<p><a href=\"https:\/\/sites.ffkarate.fr\/rhonemetropoledelyon\/actualites\/trophee-du-departement-du-rhone-a-arnas\/unnamed\/\" rel=\"attachment wp-att-2597\"><img decoding=\"async\" class=\"alignnone size-full wp-image-2597\" src=\"https:\/\/sites.ffkarate.fr\/rhonemetropoledelyon\/wp-content\/uploads\/sites\/87\/2019\/06\/unnamed.jpg\" alt=\"unnamed\" width=\"3024\" height=\"4032\" \/><\/a>[\/vc_column_text][\/vc_column][\/vc_row]<\/p>\n<\/div>","protected":false},"excerpt":{"rendered":"<p>[vc_row][vc_column][vc_column_text]La comp\u00e9tition du dimanche 9 juin 2019 \u00e0 Arnas s&rsquo;est bien d\u00e9roul\u00e9e de 8h00 \u00e0 17h00. Les comp\u00e9titeurs PPB et minimes ont pu se rencontrer en combat kumite le matin et l&rsquo;apr\u00e8s midi les cat\u00e9gories de pupilles \u00e0 v\u00e9t\u00e9rans en karat\u00e9 light contact. Les enfants ont tous \u00e9t\u00e9 r\u00e9compens\u00e9s par une m\u00e9daille et un sac [&hellip;]<\/p>\n","protected":false},"author":143,"featured_media":2597,"comment_status":"closed","ping_status":"closed","sticky":false,"template":"","format":"standard","meta":{"footnotes":""},"categories":[1],"tags":[],"class_list":["post-2604","post","type-post","status-publish","format-standard","hentry","category-non-classe"],"_links":{"self":[{"href":"https:\/\/sites.ffkarate.fr\/rhonemetropoledelyon\/wp-json\/wp\/v2\/posts\/2604","targetHints":{"allow":["GET"]}}],"collection":[{"href":"https:\/\/sites.ffkarate.fr\/rhonemetropoledelyon\/wp-json\/wp\/v2\/posts"}],"about":[{"href":"https:\/\/sites.ffkarate.fr\/rhonemetropoledelyon\/wp-json\/wp\/v2\/types\/post"}],"author":[{"embeddable":true,"href":"https:\/\/sites.ffkarate.fr\/rhonemetropoledelyon\/wp-json\/wp\/v2\/users\/143"}],"replies":[{"embeddable":true,"href":"https:\/\/sites.ffkarate.fr\/rhonemetropoledelyon\/wp-json\/wp\/v2\/comments?post=2604"}],"version-history":[{"count":0,"href":"https:\/\/sites.ffkarate.fr\/rhonemetropoledelyon\/wp-json\/wp\/v2\/posts\/2604\/revisions"}],"wp:featuredmedia":[{"embeddable":true,"href":"https:\/\/sites.ffkarate.fr\/rhonemetropoledelyon\/wp-json\/wp\/v2\/media\/2597"}],"wp:attachment":[{"href":"https:\/\/sites.ffkarate.fr\/rhonemetropoledelyon\/wp-json\/wp\/v2\/media?parent=2604"}],"wp:term":[{"taxonomy":"category","embeddable":true,"href":"https:\/\/sites.ffkarate.fr\/rhonemetropoledelyon\/wp-json\/wp\/v2\/categories?post=2604"},{"taxonomy":"post_tag","embeddable":true,"href":"https:\/\/sites.ffkarate.fr\/rhonemetropoledelyon\/wp-json\/wp\/v2\/tags?post=2604"}],"curies":[{"name":"wp","href":"https:\/\/api.w.org\/{rel}","templated":true}]}}