{"id":2619,"date":"2019-07-15T21:42:26","date_gmt":"2019-07-15T19:42:26","guid":{"rendered":"https:\/\/sites.ffkarate.fr\/rhonemetropoledelyon\/?post_type=news&amp;p=2619"},"modified":"2019-07-15T21:42:26","modified_gmt":"2019-07-15T19:42:26","slug":"master-class-2019","status":"publish","type":"post","link":"https:\/\/sites.ffkarate.fr\/rhonemetropoledelyon\/2019\/07\/15\/master-class-2019\/","title":{"rendered":"Master Class 2019"},"content":{"rendered":"<div class=\"wpb-content-wrapper\"><p>[vc_row][vc_column][vc_column_text]Le <strong>Comit\u00e9 D\u00e9partemental du Rh\u00f4ne\/M\u00e9tropole de Lyon de Karat\u00e9 et Disciplines Associ\u00e9es<\/strong> organise pour la troisi\u00e8me ann\u00e9e cons\u00e9cutive <strong>le Stage Master Class avec les 4 experts f\u00e9d\u00e9raux 9\u00e8me Dan<\/strong> : Messieurs <em><strong>B.BILICKI, D.VALERA, JP.LAVORATO et S.CHOURAQUI<\/strong><\/em>, tous membres de la Commission Sp\u00e9cialis\u00e9e des Grades et Equivalents.<\/p>\n<p>Les experts, de renomm\u00e9e internationale, seront heureux de vous accueillir le <strong>29 septembre 2019 \u00e0 Saint-Priest<\/strong>.<\/p>\n<p>Les informations sont disponibles sur <strong>l&rsquo;affiche ci-joint<\/strong>.<\/p>\n<p>Les <strong>inscriptions en ligne \u00e0 tarif r\u00e9duit se font sur le site s\u00e9curis\u00e9 suivant :\u00a0https:\/\/www.lepotcommun.fr\/billet\/cedytz4f?fbclid=IwAR0TMiZdNzyx4zYpsfh-la6UgJhabwv2-6Wts5-XsoOKwt4WMjioRfmWbUc<\/strong><\/p>\n<p><a href=\"https:\/\/sites.ffkarate.fr\/rhonemetropoledelyon\/actualites\/master-class-2019\/img_1357\/\" rel=\"attachment wp-att-2615\"><img decoding=\"async\" class=\"alignnone size-full wp-image-2615\" src=\"https:\/\/sites.ffkarate.fr\/rhonemetropoledelyon\/wp-content\/uploads\/sites\/87\/2019\/07\/IMG_1357-e1566147201466.jpg\" alt=\"IMG_1357\" width=\"960\" height=\"1358\" \/><\/a>[\/vc_column_text][\/vc_column][\/vc_row]<\/p>\n<\/div>","protected":false},"excerpt":{"rendered":"<p>[vc_row][vc_column][vc_column_text]Le Comit\u00e9 D\u00e9partemental du Rh\u00f4ne\/M\u00e9tropole de Lyon de Karat\u00e9 et Disciplines Associ\u00e9es organise pour la troisi\u00e8me ann\u00e9e cons\u00e9cutive le Stage Master Class avec les 4 experts f\u00e9d\u00e9raux 9\u00e8me Dan : Messieurs B.BILICKI, D.VALERA, JP.LAVORATO et S.CHOURAQUI, tous membres de la Commission Sp\u00e9cialis\u00e9e des Grades et Equivalents. Les experts, de renomm\u00e9e internationale, seront heureux de vous [&hellip;]<\/p>\n","protected":false},"author":143,"featured_media":2615,"comment_status":"closed","ping_status":"closed","sticky":false,"template":"","format":"standard","meta":{"footnotes":""},"categories":[1],"tags":[],"class_list":["post-2619","post","type-post","status-publish","format-standard","hentry","category-non-classe"],"_links":{"self":[{"href":"https:\/\/sites.ffkarate.fr\/rhonemetropoledelyon\/wp-json\/wp\/v2\/posts\/2619","targetHints":{"allow":["GET"]}}],"collection":[{"href":"https:\/\/sites.ffkarate.fr\/rhonemetropoledelyon\/wp-json\/wp\/v2\/posts"}],"about":[{"href":"https:\/\/sites.ffkarate.fr\/rhonemetropoledelyon\/wp-json\/wp\/v2\/types\/post"}],"author":[{"embeddable":true,"href":"https:\/\/sites.ffkarate.fr\/rhonemetropoledelyon\/wp-json\/wp\/v2\/users\/143"}],"replies":[{"embeddable":true,"href":"https:\/\/sites.ffkarate.fr\/rhonemetropoledelyon\/wp-json\/wp\/v2\/comments?post=2619"}],"version-history":[{"count":0,"href":"https:\/\/sites.ffkarate.fr\/rhonemetropoledelyon\/wp-json\/wp\/v2\/posts\/2619\/revisions"}],"wp:featuredmedia":[{"embeddable":true,"href":"https:\/\/sites.ffkarate.fr\/rhonemetropoledelyon\/wp-json\/wp\/v2\/media\/2615"}],"wp:attachment":[{"href":"https:\/\/sites.ffkarate.fr\/rhonemetropoledelyon\/wp-json\/wp\/v2\/media?parent=2619"}],"wp:term":[{"taxonomy":"category","embeddable":true,"href":"https:\/\/sites.ffkarate.fr\/rhonemetropoledelyon\/wp-json\/wp\/v2\/categories?post=2619"},{"taxonomy":"post_tag","embeddable":true,"href":"https:\/\/sites.ffkarate.fr\/rhonemetropoledelyon\/wp-json\/wp\/v2\/tags?post=2619"}],"curies":[{"name":"wp","href":"https:\/\/api.w.org\/{rel}","templated":true}]}}