{"id":2866,"date":"2019-10-28T20:51:46","date_gmt":"2019-10-28T19:51:46","guid":{"rendered":"https:\/\/sites.ffkarate.fr\/rhonemetropoledelyon\/?post_type=news&amp;p=2866"},"modified":"2019-10-28T20:51:46","modified_gmt":"2019-10-28T19:51:46","slug":"5eme-festival-international-des-arts-martiaux-chinois-lyon-2019","status":"publish","type":"post","link":"https:\/\/sites.ffkarate.fr\/rhonemetropoledelyon\/2019\/10\/28\/5eme-festival-international-des-arts-martiaux-chinois-lyon-2019\/","title":{"rendered":"FESTIVAL INTERNATIONAL DES ARTS MARTIAUX CHINOIS &#8211; LYON 2019"},"content":{"rendered":"<div class=\"wpb-content-wrapper\"><p>[vc_row][vc_column][vc_column_text]Ci-joint le programme du 5\u00e8me festival des arts martiaux chinois et l&rsquo;affiche de l&rsquo;\u00e9v\u00e8nement. Cliquez sur \u00ab\u00a0lire la suite\u00a0\u00bb puis sur le lien pour acc\u00e9der au document.<\/p>\n<p><a href=\"https:\/\/sites.ffkarate.fr\/rhonemetropoledelyon\/actualites\/5eme-festival-international-des-arts-martiaux-chinois-lyon-2019\/programmecmafestival2019_v2\/\" rel=\"attachment wp-att-2867\">PROGRAMMECMAfestival2019_v2<\/a><\/p>\n<p><a href=\"https:\/\/sites.ffkarate.fr\/rhonemetropoledelyon\/actualites\/5eme-festival-international-des-arts-martiaux-chinois-lyon-2019\/bannieere-mail\/\" rel=\"attachment wp-att-2873\">bannie\u011are mail<\/a><\/p>\n<p>&nbsp;[\/vc_column_text][\/vc_column][\/vc_row]<\/p>\n<\/div>","protected":false},"excerpt":{"rendered":"<p>[vc_row][vc_column][vc_column_text]Ci-joint le programme du 5\u00e8me festival des arts martiaux chinois et l&rsquo;affiche de l&rsquo;\u00e9v\u00e8nement. Cliquez sur \u00ab\u00a0lire la suite\u00a0\u00bb puis sur le lien pour acc\u00e9der au document. PROGRAMMECMAfestival2019_v2 bannie\u011are mail &nbsp;[\/vc_column_text][\/vc_column][\/vc_row]<\/p>\n","protected":false},"author":143,"featured_media":0,"comment_status":"closed","ping_status":"closed","sticky":false,"template":"","format":"standard","meta":{"footnotes":""},"categories":[1],"tags":[],"class_list":["post-2866","post","type-post","status-publish","format-standard","hentry","category-non-classe"],"_links":{"self":[{"href":"https:\/\/sites.ffkarate.fr\/rhonemetropoledelyon\/wp-json\/wp\/v2\/posts\/2866","targetHints":{"allow":["GET"]}}],"collection":[{"href":"https:\/\/sites.ffkarate.fr\/rhonemetropoledelyon\/wp-json\/wp\/v2\/posts"}],"about":[{"href":"https:\/\/sites.ffkarate.fr\/rhonemetropoledelyon\/wp-json\/wp\/v2\/types\/post"}],"author":[{"embeddable":true,"href":"https:\/\/sites.ffkarate.fr\/rhonemetropoledelyon\/wp-json\/wp\/v2\/users\/143"}],"replies":[{"embeddable":true,"href":"https:\/\/sites.ffkarate.fr\/rhonemetropoledelyon\/wp-json\/wp\/v2\/comments?post=2866"}],"version-history":[{"count":0,"href":"https:\/\/sites.ffkarate.fr\/rhonemetropoledelyon\/wp-json\/wp\/v2\/posts\/2866\/revisions"}],"wp:attachment":[{"href":"https:\/\/sites.ffkarate.fr\/rhonemetropoledelyon\/wp-json\/wp\/v2\/media?parent=2866"}],"wp:term":[{"taxonomy":"category","embeddable":true,"href":"https:\/\/sites.ffkarate.fr\/rhonemetropoledelyon\/wp-json\/wp\/v2\/categories?post=2866"},{"taxonomy":"post_tag","embeddable":true,"href":"https:\/\/sites.ffkarate.fr\/rhonemetropoledelyon\/wp-json\/wp\/v2\/tags?post=2866"}],"curies":[{"name":"wp","href":"https:\/\/api.w.org\/{rel}","templated":true}]}}