{"id":2923,"date":"2019-12-24T15:48:37","date_gmt":"2019-12-24T14:48:37","guid":{"rendered":"https:\/\/sites.ffkarate.fr\/rhonemetropoledelyon\/?post_type=news&amp;p=2923"},"modified":"2019-12-24T15:48:37","modified_gmt":"2019-12-24T14:48:37","slug":"joyeuses-fetes","status":"publish","type":"post","link":"https:\/\/sites.ffkarate.fr\/rhonemetropoledelyon\/2019\/12\/24\/joyeuses-fetes\/","title":{"rendered":"Joyeuses f\u00eates !"},"content":{"rendered":"<div class=\"wpb-content-wrapper\"><p>[vc_row][vc_column][vc_column_text]&nbsp;<\/p>\n<p>Le pr\u00e9sident Jo Bracchi et son comit\u00e9 directeur vous souhaitent un joyeux no\u00ebl et d&rsquo;excellentes f\u00eates de fin d&rsquo;ann\u00e9e !<a href=\"https:\/\/sites.ffkarate.fr\/rhonemetropoledelyon\/actualites\/joyeuses-fetes\/red-and-green-flatlay-festive-photo-holiday-greeting-facebook-post-2-2\/\" rel=\"attachment wp-att-2922\"><img decoding=\"async\" class=\"alignnone size-full wp-image-2922\" src=\"https:\/\/sites.ffkarate.fr\/rhonemetropoledelyon\/wp-content\/uploads\/sites\/87\/2019\/12\/Red-and-Green-Flatlay-Festive-Photo-Holiday-Greeting-Facebook-Post-21.png\" alt=\"Red and Green Flatlay Festive Photo Holiday Greeting Facebook Post (2)\" width=\"775\" height=\"502\" \/><\/a><\/p>\n<p>&nbsp;[\/vc_column_text][\/vc_column][\/vc_row]<\/p>\n<\/div>","protected":false},"excerpt":{"rendered":"<p>[vc_row][vc_column][vc_column_text]&nbsp; Le pr\u00e9sident Jo Bracchi et son comit\u00e9 directeur vous souhaitent un joyeux no\u00ebl et d&rsquo;excellentes f\u00eates de fin d&rsquo;ann\u00e9e ! &nbsp;[\/vc_column_text][\/vc_column][\/vc_row]<\/p>\n","protected":false},"author":143,"featured_media":2922,"comment_status":"closed","ping_status":"closed","sticky":false,"template":"","format":"standard","meta":{"footnotes":""},"categories":[1],"tags":[],"class_list":["post-2923","post","type-post","status-publish","format-standard","hentry","category-non-classe"],"_links":{"self":[{"href":"https:\/\/sites.ffkarate.fr\/rhonemetropoledelyon\/wp-json\/wp\/v2\/posts\/2923","targetHints":{"allow":["GET"]}}],"collection":[{"href":"https:\/\/sites.ffkarate.fr\/rhonemetropoledelyon\/wp-json\/wp\/v2\/posts"}],"about":[{"href":"https:\/\/sites.ffkarate.fr\/rhonemetropoledelyon\/wp-json\/wp\/v2\/types\/post"}],"author":[{"embeddable":true,"href":"https:\/\/sites.ffkarate.fr\/rhonemetropoledelyon\/wp-json\/wp\/v2\/users\/143"}],"replies":[{"embeddable":true,"href":"https:\/\/sites.ffkarate.fr\/rhonemetropoledelyon\/wp-json\/wp\/v2\/comments?post=2923"}],"version-history":[{"count":0,"href":"https:\/\/sites.ffkarate.fr\/rhonemetropoledelyon\/wp-json\/wp\/v2\/posts\/2923\/revisions"}],"wp:featuredmedia":[{"embeddable":true,"href":"https:\/\/sites.ffkarate.fr\/rhonemetropoledelyon\/wp-json\/wp\/v2\/media\/2922"}],"wp:attachment":[{"href":"https:\/\/sites.ffkarate.fr\/rhonemetropoledelyon\/wp-json\/wp\/v2\/media?parent=2923"}],"wp:term":[{"taxonomy":"category","embeddable":true,"href":"https:\/\/sites.ffkarate.fr\/rhonemetropoledelyon\/wp-json\/wp\/v2\/categories?post=2923"},{"taxonomy":"post_tag","embeddable":true,"href":"https:\/\/sites.ffkarate.fr\/rhonemetropoledelyon\/wp-json\/wp\/v2\/tags?post=2923"}],"curies":[{"name":"wp","href":"https:\/\/api.w.org\/{rel}","templated":true}]}}