{"id":3067,"date":"2020-05-11T10:56:04","date_gmt":"2020-05-11T08:56:04","guid":{"rendered":"https:\/\/sites.ffkarate.fr\/rhonemetropoledelyon\/?post_type=news&amp;p=3067"},"modified":"2020-05-11T10:56:04","modified_gmt":"2020-05-11T08:56:04","slug":"assemblee-generale-elective-2","status":"publish","type":"post","link":"https:\/\/sites.ffkarate.fr\/rhonemetropoledelyon\/2020\/05\/11\/assemblee-generale-elective-2\/","title":{"rendered":"ASSEMBL\u00c9E G\u00c9N\u00c9RALE \u00c9LECTIVE"},"content":{"rendered":"<div class=\"wpb-content-wrapper\"><p>[vc_row][vc_column][vc_column_text]Bonjour,<\/p>\n<p>Je vous remercie de trouver en pi\u00e8ces jointes les documents suivants :<\/p>\n<ul>\n<li>L\u2019annonce de l&rsquo; Assembl\u00e9e G\u00e9n\u00e9rale Elective 2020-2024.<\/li>\n<li>Le formulaire de candidature au comit\u00e9 directeur.<\/li>\n<li>Le formulaire de candidature des repr\u00e9sentants des clubs aux\u00a0 AG f\u00e9d\u00e9rale et AG de ligue.<\/li>\n<li>Le mandat de repr\u00e9sentation de club.<\/li>\n<\/ul>\n<div>Si la situation sanitaire le permet, l&rsquo;A.G. aura lieu le 4 juillet 2020 \u00e0 15h, au si\u00e8ge du comit\u00e9, 23, rue Julien \u00e0 69003 Lyon.<\/div>\n<div>Le d\u00e9lai d&rsquo;annonce de 45 jours ayant \u00e9t\u00e9 respect\u00e9, la date de cette A.G. pourra \u00eatre report\u00e9e \u00e0 une date ult\u00e9rieure si les \u00e9v\u00e8nements sanitaires nous y obligent.<\/div>\n<p>Dans l&rsquo;attente de vous voir, prenez bien soin de vous et de vos proches.<\/p>\n<p>Jo BRACCHI<\/p>\n<p><strong>1) <a href=\"https:\/\/sites.ffkarate.fr\/rhonemetropoledelyon\/wp-content\/uploads\/sites\/87\/2020\/05\/AG-elective-Comite-Departemental-du-Rhone-Metropole-de-Lyon.pdf\">AG \u00e9l\u00e9ctive Comit\u00e9 D\u00e9partemental du Rh\u00f4ne M\u00e9tropole de Lyon<\/a><\/strong><\/p>\n<p><strong>2) <a href=\"https:\/\/sites.ffkarate.fr\/rhonemetropoledelyon\/wp-content\/uploads\/sites\/87\/2020\/05\/Formulaire-de-candidature-au-comite-directeur-du-Comite-Departemental-du-Rhone-Metropole-de-Lyon.pdf\">Formulaire de candidature au comit\u00e9 directeur du Comit\u00e9 D\u00e9partemental du Rh\u00f4ne M\u00e9tropole de Lyon<\/a><\/strong><\/p>\n<p><strong>3) <a href=\"https:\/\/sites.ffkarate.fr\/rhonemetropoledelyon\/wp-content\/uploads\/sites\/87\/2020\/05\/Formulaire-de-candidature-grands-electeurs-Comite-Departemental-du-Rhone-Metropole-de-Lyon.pdf\">Formulaire de candidature grands electeurs Comit\u00e9 D\u00e9partemental du Rhone M\u00e9tropole de Lyon<\/a><\/strong><\/p>\n<p><strong>4) <a href=\"https:\/\/sites.ffkarate.fr\/rhonemetropoledelyon\/wp-content\/uploads\/sites\/87\/2020\/05\/mandat-assemblee-generale-elective-04-07-2020.pdf\">mandat-assemblee-generale-elective-04-07-2020<\/a><\/strong>[\/vc_column_text][\/vc_column][\/vc_row]<\/p>\n<\/div>","protected":false},"excerpt":{"rendered":"<p>[vc_row][vc_column][vc_column_text]Bonjour, Je vous remercie de trouver en pi\u00e8ces jointes les documents suivants : L\u2019annonce de l&rsquo; Assembl\u00e9e G\u00e9n\u00e9rale Elective 2020-2024. Le formulaire de candidature au comit\u00e9 directeur. Le formulaire de candidature des repr\u00e9sentants des clubs aux\u00a0 AG f\u00e9d\u00e9rale et AG de ligue. Le mandat de repr\u00e9sentation de club. Si la situation sanitaire le permet, l&rsquo;A.G. [&hellip;]<\/p>\n","protected":false},"author":143,"featured_media":3073,"comment_status":"closed","ping_status":"closed","sticky":false,"template":"","format":"standard","meta":{"footnotes":""},"categories":[1],"tags":[],"class_list":["post-3067","post","type-post","status-publish","format-standard","hentry","category-non-classe"],"_links":{"self":[{"href":"https:\/\/sites.ffkarate.fr\/rhonemetropoledelyon\/wp-json\/wp\/v2\/posts\/3067","targetHints":{"allow":["GET"]}}],"collection":[{"href":"https:\/\/sites.ffkarate.fr\/rhonemetropoledelyon\/wp-json\/wp\/v2\/posts"}],"about":[{"href":"https:\/\/sites.ffkarate.fr\/rhonemetropoledelyon\/wp-json\/wp\/v2\/types\/post"}],"author":[{"embeddable":true,"href":"https:\/\/sites.ffkarate.fr\/rhonemetropoledelyon\/wp-json\/wp\/v2\/users\/143"}],"replies":[{"embeddable":true,"href":"https:\/\/sites.ffkarate.fr\/rhonemetropoledelyon\/wp-json\/wp\/v2\/comments?post=3067"}],"version-history":[{"count":0,"href":"https:\/\/sites.ffkarate.fr\/rhonemetropoledelyon\/wp-json\/wp\/v2\/posts\/3067\/revisions"}],"wp:featuredmedia":[{"embeddable":true,"href":"https:\/\/sites.ffkarate.fr\/rhonemetropoledelyon\/wp-json\/wp\/v2\/media\/3073"}],"wp:attachment":[{"href":"https:\/\/sites.ffkarate.fr\/rhonemetropoledelyon\/wp-json\/wp\/v2\/media?parent=3067"}],"wp:term":[{"taxonomy":"category","embeddable":true,"href":"https:\/\/sites.ffkarate.fr\/rhonemetropoledelyon\/wp-json\/wp\/v2\/categories?post=3067"},{"taxonomy":"post_tag","embeddable":true,"href":"https:\/\/sites.ffkarate.fr\/rhonemetropoledelyon\/wp-json\/wp\/v2\/tags?post=3067"}],"curies":[{"name":"wp","href":"https:\/\/api.w.org\/{rel}","templated":true}]}}