{"id":3158,"date":"2020-08-04T13:54:32","date_gmt":"2020-08-04T11:54:32","guid":{"rendered":"https:\/\/sites.ffkarate.fr\/rhonemetropoledelyon\/?post_type=news&amp;p=3158"},"modified":"2020-08-04T13:54:32","modified_gmt":"2020-08-04T11:54:32","slug":"appel-a-candidatures","status":"publish","type":"post","link":"https:\/\/sites.ffkarate.fr\/rhonemetropoledelyon\/2020\/08\/04\/appel-a-candidatures\/","title":{"rendered":"APPEL A CANDIDATURE"},"content":{"rendered":"<div class=\"wpb-content-wrapper\"><p>[vc_row][vc_column][vc_column_text]Dans le cadre de la <strong>structuration de son \u00c9quipe Technique D\u00e9partementale<\/strong> suite aux derni\u00e8res \u00e9lections pour l\u2019<strong>olympiade 2020-2024<\/strong> , le Comit\u00e9 D\u00e9partemental du Rh\u00f4ne \/ M\u00e9tropole de Lyon de Karat\u00e9 et Disciplines Associ\u00e9es lance <strong>un appel \u00e0 candidatures<\/strong> pour tous les postes de <strong>l\u2019ETD<\/strong> et pour les <strong>Commissions D\u00e9partementales<\/strong> suivantes :<\/p>\n<p><strong>L&rsquo;\u00e9quipe Technique D\u00e9partementale :<\/strong><\/p>\n<ul>\n<li>DIRECTEUR TECHNIQUE DU D\u00c9PARTEMENT DU RH\u00d4NE<\/li>\n<li>RESPONSABLE DES GRADES DU D\u00c9PARTEMENT DU RH\u00d4NE<\/li>\n<li>RESPONSABLE DE L&rsquo;ARBITRAGE DU D\u00c9PARTEMENT DU RH\u00d4NE<\/li>\n<li>RESPONSABLE DES FORMATIONS DU D\u00c9PARTEMENT DU RH\u00d4NE<\/li>\n<\/ul>\n<p><strong><br \/>\nLe CDK 69 lance un appel \u00e0 candidature pour les commissions suivantes :<\/strong><\/p>\n<ul>\n<li>RESPONSABLE DE LA COMMISSION SPORTIVE DU D\u00c9PARTEMENT DU RH\u00d4NE<\/li>\n<li>RESPONSABLE DE LA COMMISSION KARAT\u00c9 D\u00c9FENSE DU D\u00c9PARTEMENT DU RH\u00d4NE<\/li>\n<li>RESPONSABLE DE LA COMMISSION KARAT\u00c9\u00a0CONTACT DU D\u00c9PARTEMENT DU RH\u00d4NE<\/li>\n<li>RESPONSABLE DE LA COMMISSION BODY KARAT\u00c9 DU D\u00c9PARTEMENT DU RH\u00d4NE<\/li>\n<li>RESPONSABLE DE LA COMMISSION MULTI-STYLES DU D\u00c9PARTEMENT DU RH\u00d4NE<\/li>\n<li>RESPONSABLE DE LA COMMISSION\u00a0ENFANTS DU D\u00c9PARTEMENT DU RH\u00d4NE<\/li>\n<\/ul>\n<p>Le formulaire de candidature avec une <strong>lettre de motivation ainsi qu&rsquo;un CV sportif <\/strong>doivent \u00eatre envoy\u00e9s<strong> par mail <\/strong>au Secr\u00e9tariat du D\u00e9partement (secretariat.rhone.lyonnais@gmail.com) <strong>avant le 25\/08\/2020.<br \/>\n<\/strong><\/p>\n<p>L&rsquo;absence de tout document ainsi que toute r\u00e9ponse reconnue inexacte, entra\u00eenera le rejet de la candidature.<\/p>\n<p>Restant \u00e0 votre disposition,<\/p>\n<p><em>Jo BRACCHI<\/em><\/p>\n<p><em>Pr\u00e9sident du Comit\u00e9 D\u00e9partemental du Rh\u00f4ne \/ M\u00e9tropole de Lyon de Karat\u00e9 et Disciplines Associ\u00e9es<\/em><\/p>\n<p><strong>Document :\u00a0<\/strong>\u00a0<a href=\"https:\/\/sites.ffkarate.fr\/rhonemetropoledelyon\/wp-content\/uploads\/sites\/87\/2020\/08\/Formulaire-de-candidature-aux-postes-de-responsables-commissions-techniques-du-CDK-69.pdf\">Formulaire de candidature aux postes de responsables commissions techniques du CDK 69<\/a>[\/vc_column_text][\/vc_column][\/vc_row]<\/p>\n<\/div>","protected":false},"excerpt":{"rendered":"<p>[vc_row][vc_column][vc_column_text]Dans le cadre de la structuration de son \u00c9quipe Technique D\u00e9partementale suite aux derni\u00e8res \u00e9lections pour l\u2019olympiade 2020-2024 , le Comit\u00e9 D\u00e9partemental du Rh\u00f4ne \/ M\u00e9tropole de Lyon de Karat\u00e9 et Disciplines Associ\u00e9es lance un appel \u00e0 candidatures pour tous les postes de l\u2019ETD et pour les Commissions D\u00e9partementales suivantes : L&rsquo;\u00e9quipe Technique D\u00e9partementale : [&hellip;]<\/p>\n","protected":false},"author":143,"featured_media":3141,"comment_status":"closed","ping_status":"closed","sticky":false,"template":"","format":"standard","meta":{"footnotes":""},"categories":[1],"tags":[],"class_list":["post-3158","post","type-post","status-publish","format-standard","hentry","category-non-classe"],"_links":{"self":[{"href":"https:\/\/sites.ffkarate.fr\/rhonemetropoledelyon\/wp-json\/wp\/v2\/posts\/3158","targetHints":{"allow":["GET"]}}],"collection":[{"href":"https:\/\/sites.ffkarate.fr\/rhonemetropoledelyon\/wp-json\/wp\/v2\/posts"}],"about":[{"href":"https:\/\/sites.ffkarate.fr\/rhonemetropoledelyon\/wp-json\/wp\/v2\/types\/post"}],"author":[{"embeddable":true,"href":"https:\/\/sites.ffkarate.fr\/rhonemetropoledelyon\/wp-json\/wp\/v2\/users\/143"}],"replies":[{"embeddable":true,"href":"https:\/\/sites.ffkarate.fr\/rhonemetropoledelyon\/wp-json\/wp\/v2\/comments?post=3158"}],"version-history":[{"count":0,"href":"https:\/\/sites.ffkarate.fr\/rhonemetropoledelyon\/wp-json\/wp\/v2\/posts\/3158\/revisions"}],"wp:featuredmedia":[{"embeddable":true,"href":"https:\/\/sites.ffkarate.fr\/rhonemetropoledelyon\/wp-json\/wp\/v2\/media\/3141"}],"wp:attachment":[{"href":"https:\/\/sites.ffkarate.fr\/rhonemetropoledelyon\/wp-json\/wp\/v2\/media?parent=3158"}],"wp:term":[{"taxonomy":"category","embeddable":true,"href":"https:\/\/sites.ffkarate.fr\/rhonemetropoledelyon\/wp-json\/wp\/v2\/categories?post=3158"},{"taxonomy":"post_tag","embeddable":true,"href":"https:\/\/sites.ffkarate.fr\/rhonemetropoledelyon\/wp-json\/wp\/v2\/tags?post=3158"}],"curies":[{"name":"wp","href":"https:\/\/api.w.org\/{rel}","templated":true}]}}