{"id":3296,"date":"2020-12-04T23:48:05","date_gmt":"2020-12-04T22:48:05","guid":{"rendered":"https:\/\/sites.ffkarate.fr\/rhonemetropoledelyon\/?post_type=news&amp;p=3296"},"modified":"2020-12-04T23:48:05","modified_gmt":"2020-12-04T22:48:05","slug":"assemblee-generale-ordinaire-le-18122020","status":"publish","type":"post","link":"https:\/\/sites.ffkarate.fr\/rhonemetropoledelyon\/2020\/12\/04\/assemblee-generale-ordinaire-le-18122020\/","title":{"rendered":"Assembl\u00e9e G\u00e9n\u00e9rale Ordinaire le 18\/12\/2020"},"content":{"rendered":"<div class=\"wpb-content-wrapper\"><p>[vc_row][vc_column][vc_column_text]<\/p>\n<div dir=\"ltr\">\n<div dir=\"ltr\">\n<div>\n<div>Mesdames les Pr\u00e9sidentes et Messieurs les Pr\u00e9sidents des clubs,<\/div>\n<div><\/div>\n<div>Suite aux annonces de l&rsquo;avanc\u00e9e de l&rsquo;heure du couvre feu \u00e0 20h d\u00e8s le 15 d\u00e9cembre, l&rsquo;AGO du 18 d\u00e9cembre est \u00e9galement avanc\u00e9e d&rsquo;une heure.<\/div>\n<div><\/div>\n<div>Vous trouverez\u00a0ci-joint la convocation \u00e0 l&rsquo;Assembl\u00e9e G\u00e9n\u00e9rale\u00a0Ordinaire du Comit\u00e9 Rh\u00f4ne\/M\u00e9tropole de Lyon de Karat\u00e9 et DA, report\u00e9e du 14 novembre, qui se tiendra le :<b><br \/>\n<\/b><\/div>\n<\/div>\n<div>\n<div>\n<div><b>\u00a0<\/b><\/div>\n<p><b>vendredi 18 d\u00e9cembre 2020de 17h30 \u00e0 19h00\u00a0<\/b><i>(Contr\u00f4le des mandats de 17h00 \u00e0 17h30).<\/i><\/div>\n<div><\/div>\n<\/div>\n<div>\n<div>En cas d&rsquo;indisponibilit\u00e9 vous pouvez\u00a0vous faire repr\u00e9senter, vous trouverez ci-joint le\u00a0<b>Pouvoir<\/b>\u00a0\u00e0 compl\u00e9ter \u00e0 cet effet.<\/div>\n<div><\/div>\n<div>Comptant sur votre pr\u00e9sence,<\/div>\n<div>Bien sportivement,<\/div>\n<div><\/div>\n<\/div>\n<div>Jo BRACCHI<\/div>\n<div>Pr\u00e9sident<\/div>\n<\/div>\n<\/div>\n<div><\/div>\n<div><a href=\"https:\/\/sites.ffkarate.fr\/rhonemetropoledelyon\/wp-content\/uploads\/sites\/87\/2020\/12\/RECTIF_CONVOC-et-ODJ-AGO-181220.pdf\">RECTIF_CONVOC et ODJ AGO 181220<\/a><\/div>\n<div><a href=\"https:\/\/sites.ffkarate.fr\/rhonemetropoledelyon\/wp-content\/uploads\/sites\/87\/2020\/12\/POUVOIR-AGO-181220.pdf\">POUVOIR AGO 181220<\/a><\/div>\n<p>[\/vc_column_text][\/vc_column][\/vc_row]<\/p>\n<\/div>","protected":false},"excerpt":{"rendered":"<p>[vc_row][vc_column][vc_column_text] Mesdames les Pr\u00e9sidentes et Messieurs les Pr\u00e9sidents des clubs, Suite aux annonces de l&rsquo;avanc\u00e9e de l&rsquo;heure du couvre feu \u00e0 20h d\u00e8s le 15 d\u00e9cembre, l&rsquo;AGO du 18 d\u00e9cembre est \u00e9galement avanc\u00e9e d&rsquo;une heure. Vous trouverez\u00a0ci-joint la convocation \u00e0 l&rsquo;Assembl\u00e9e G\u00e9n\u00e9rale\u00a0Ordinaire du Comit\u00e9 Rh\u00f4ne\/M\u00e9tropole de Lyon de Karat\u00e9 et DA, report\u00e9e du 14 novembre, [&hellip;]<\/p>\n","protected":false},"author":143,"featured_media":3295,"comment_status":"closed","ping_status":"closed","sticky":false,"template":"","format":"standard","meta":{"footnotes":""},"categories":[1],"tags":[],"class_list":["post-3296","post","type-post","status-publish","format-standard","hentry","category-non-classe"],"_links":{"self":[{"href":"https:\/\/sites.ffkarate.fr\/rhonemetropoledelyon\/wp-json\/wp\/v2\/posts\/3296","targetHints":{"allow":["GET"]}}],"collection":[{"href":"https:\/\/sites.ffkarate.fr\/rhonemetropoledelyon\/wp-json\/wp\/v2\/posts"}],"about":[{"href":"https:\/\/sites.ffkarate.fr\/rhonemetropoledelyon\/wp-json\/wp\/v2\/types\/post"}],"author":[{"embeddable":true,"href":"https:\/\/sites.ffkarate.fr\/rhonemetropoledelyon\/wp-json\/wp\/v2\/users\/143"}],"replies":[{"embeddable":true,"href":"https:\/\/sites.ffkarate.fr\/rhonemetropoledelyon\/wp-json\/wp\/v2\/comments?post=3296"}],"version-history":[{"count":0,"href":"https:\/\/sites.ffkarate.fr\/rhonemetropoledelyon\/wp-json\/wp\/v2\/posts\/3296\/revisions"}],"wp:featuredmedia":[{"embeddable":true,"href":"https:\/\/sites.ffkarate.fr\/rhonemetropoledelyon\/wp-json\/wp\/v2\/media\/3295"}],"wp:attachment":[{"href":"https:\/\/sites.ffkarate.fr\/rhonemetropoledelyon\/wp-json\/wp\/v2\/media?parent=3296"}],"wp:term":[{"taxonomy":"category","embeddable":true,"href":"https:\/\/sites.ffkarate.fr\/rhonemetropoledelyon\/wp-json\/wp\/v2\/categories?post=3296"},{"taxonomy":"post_tag","embeddable":true,"href":"https:\/\/sites.ffkarate.fr\/rhonemetropoledelyon\/wp-json\/wp\/v2\/tags?post=3296"}],"curies":[{"name":"wp","href":"https:\/\/api.w.org\/{rel}","templated":true}]}}