{"id":3354,"date":"2021-04-17T22:48:18","date_gmt":"2021-04-17T20:48:18","guid":{"rendered":"https:\/\/sites.ffkarate.fr\/rhonemetropoledelyon\/?post_type=news&amp;p=3354"},"modified":"2021-04-17T22:48:18","modified_gmt":"2021-04-17T20:48:18","slug":"resultats-de-la-coupe-du-rhone-e-kata","status":"publish","type":"post","link":"https:\/\/sites.ffkarate.fr\/rhonemetropoledelyon\/2021\/04\/17\/resultats-de-la-coupe-du-rhone-e-kata\/","title":{"rendered":"R\u00e9sultats de la Coupe du Rh\u00f4ne e-kata"},"content":{"rendered":"<div class=\"wpb-content-wrapper\"><p>[vc_row][vc_column][vc_column_text]<em>R\u00e9sultats de la Coupe du Rh\u00f4ne e-kata : <\/em><\/p>\n<p><em>F\u00e9licitations \u00e0 tous les participants. Un grand merci \u00e9galement aux professeurs, aux juges, aux\u00a0b\u00e9n\u00e9voles ainsi qu&rsquo;aux membres du Comit\u00e9 qui ont contribu\u00e9 \u00e0 cet \u00e9v\u00e9nement. Cliquez ici pour acc\u00e9der aux r\u00e9sultats : <em><a href=\"https:\/\/sites.ffkarate.fr\/rhonemetropoledelyon\/wp-content\/uploads\/sites\/87\/2021\/04\/NOTE-E-KATA.pdf\">NOTE E KATA<\/a><\/em><\/em><\/p>\n<p>&nbsp;[\/vc_column_text][\/vc_column][\/vc_row]<\/p>\n<\/div>","protected":false},"excerpt":{"rendered":"<p>[vc_row][vc_column][vc_column_text]R\u00e9sultats de la Coupe du Rh\u00f4ne e-kata : F\u00e9licitations \u00e0 tous les participants. Un grand merci \u00e9galement aux professeurs, aux juges, aux\u00a0b\u00e9n\u00e9voles ainsi qu&rsquo;aux membres du Comit\u00e9 qui ont contribu\u00e9 \u00e0 cet \u00e9v\u00e9nement. Cliquez ici pour acc\u00e9der aux r\u00e9sultats : NOTE E KATA &nbsp;[\/vc_column_text][\/vc_column][\/vc_row]<\/p>\n","protected":false},"author":143,"featured_media":3339,"comment_status":"closed","ping_status":"closed","sticky":false,"template":"","format":"standard","meta":{"footnotes":""},"categories":[1],"tags":[],"class_list":["post-3354","post","type-post","status-publish","format-standard","hentry","category-non-classe"],"_links":{"self":[{"href":"https:\/\/sites.ffkarate.fr\/rhonemetropoledelyon\/wp-json\/wp\/v2\/posts\/3354","targetHints":{"allow":["GET"]}}],"collection":[{"href":"https:\/\/sites.ffkarate.fr\/rhonemetropoledelyon\/wp-json\/wp\/v2\/posts"}],"about":[{"href":"https:\/\/sites.ffkarate.fr\/rhonemetropoledelyon\/wp-json\/wp\/v2\/types\/post"}],"author":[{"embeddable":true,"href":"https:\/\/sites.ffkarate.fr\/rhonemetropoledelyon\/wp-json\/wp\/v2\/users\/143"}],"replies":[{"embeddable":true,"href":"https:\/\/sites.ffkarate.fr\/rhonemetropoledelyon\/wp-json\/wp\/v2\/comments?post=3354"}],"version-history":[{"count":0,"href":"https:\/\/sites.ffkarate.fr\/rhonemetropoledelyon\/wp-json\/wp\/v2\/posts\/3354\/revisions"}],"wp:featuredmedia":[{"embeddable":true,"href":"https:\/\/sites.ffkarate.fr\/rhonemetropoledelyon\/wp-json\/wp\/v2\/media\/3339"}],"wp:attachment":[{"href":"https:\/\/sites.ffkarate.fr\/rhonemetropoledelyon\/wp-json\/wp\/v2\/media?parent=3354"}],"wp:term":[{"taxonomy":"category","embeddable":true,"href":"https:\/\/sites.ffkarate.fr\/rhonemetropoledelyon\/wp-json\/wp\/v2\/categories?post=3354"},{"taxonomy":"post_tag","embeddable":true,"href":"https:\/\/sites.ffkarate.fr\/rhonemetropoledelyon\/wp-json\/wp\/v2\/tags?post=3354"}],"curies":[{"name":"wp","href":"https:\/\/api.w.org\/{rel}","templated":true}]}}