{"id":3795,"date":"2022-05-09T11:08:51","date_gmt":"2022-05-09T09:08:51","guid":{"rendered":"https:\/\/sites.ffkarate.fr\/rhonemetropoledelyon\/?p=3795"},"modified":"2022-05-09T11:08:51","modified_gmt":"2022-05-09T09:08:51","slug":"3795","status":"publish","type":"post","link":"https:\/\/sites.ffkarate.fr\/rhonemetropoledelyon\/2022\/05\/09\/3795\/","title":{"rendered":"+1 Arbitre Nationale au sein du d\u00e9partement du Rh\u00f4ne"},"content":{"rendered":"<div class=\"wpb-content-wrapper\"><p>[vc_row][vc_column][vc_column_text]Le Comit\u00e9 du Rh\u00f4ne \/ M\u00e9tropole de Lyon de Karat\u00e9 et Disciplines Associ\u00e9es adresse toutes ses f\u00e9licitations \u00e0 Camille CONRAD qui a obtenu son titre d\u2019Arbitre National Kumite B <img decoding=\"async\" class=\"an1\" src=\"https:\/\/fonts.gstatic.com\/s\/e\/notoemoji\/14.0\/2705\/72.png\" alt=\"\u2705\" width=\"12\" height=\"12\" data-emoji=\"\u2705\" aria-label=\"\u2705\" \/><\/p>\n<p><img decoding=\"async\" class=\"an1\" src=\"https:\/\/fonts.gstatic.com\/s\/e\/notoemoji\/14.0\/27a1_fe0f\/72.png\" alt=\"\u27a1\ufe0f\" width=\"13\" height=\"13\" data-emoji=\"\u27a1\ufe0f\" aria-label=\"\u27a1\ufe0f\" \/>\u00a0L\u2019examen s\u2019est d\u00e9roul\u00e9 ce week-end \u00e0 Villebon (91) pendant le Championnat de France Minimes.<\/p>\n<p>Bravo !\u00a0<img decoding=\"async\" class=\"an1\" src=\"https:\/\/fonts.gstatic.com\/s\/e\/notoemoji\/14.0\/1f44f\/72.png\" alt=\"\ud83d\udc4f\" width=\"12\" height=\"12\" data-emoji=\"\ud83d\udc4f\" aria-label=\"\ud83d\udc4f\" \/>[\/vc_column_text][\/vc_column][\/vc_row]<\/p>\n<\/div>","protected":false},"excerpt":{"rendered":"<p>[vc_row][vc_column][vc_column_text]Le Comit\u00e9 du Rh\u00f4ne \/ M\u00e9tropole de Lyon de Karat\u00e9 et Disciplines Associ\u00e9es adresse toutes ses f\u00e9licitations \u00e0 Camille CONRAD qui a obtenu son titre d\u2019Arbitre National Kumite B \u00a0L\u2019examen s\u2019est d\u00e9roul\u00e9 ce week-end \u00e0 Villebon (91) pendant le Championnat de France Minimes. Bravo !\u00a0[\/vc_column_text][\/vc_column][\/vc_row]<\/p>\n","protected":false},"author":143,"featured_media":3796,"comment_status":"closed","ping_status":"closed","sticky":false,"template":"","format":"standard","meta":{"footnotes":""},"categories":[5,8],"tags":[],"class_list":["post-3795","post","type-post","status-publish","format-standard","hentry","category-actualites","category-arbitrage"],"_links":{"self":[{"href":"https:\/\/sites.ffkarate.fr\/rhonemetropoledelyon\/wp-json\/wp\/v2\/posts\/3795","targetHints":{"allow":["GET"]}}],"collection":[{"href":"https:\/\/sites.ffkarate.fr\/rhonemetropoledelyon\/wp-json\/wp\/v2\/posts"}],"about":[{"href":"https:\/\/sites.ffkarate.fr\/rhonemetropoledelyon\/wp-json\/wp\/v2\/types\/post"}],"author":[{"embeddable":true,"href":"https:\/\/sites.ffkarate.fr\/rhonemetropoledelyon\/wp-json\/wp\/v2\/users\/143"}],"replies":[{"embeddable":true,"href":"https:\/\/sites.ffkarate.fr\/rhonemetropoledelyon\/wp-json\/wp\/v2\/comments?post=3795"}],"version-history":[{"count":2,"href":"https:\/\/sites.ffkarate.fr\/rhonemetropoledelyon\/wp-json\/wp\/v2\/posts\/3795\/revisions"}],"predecessor-version":[{"id":3798,"href":"https:\/\/sites.ffkarate.fr\/rhonemetropoledelyon\/wp-json\/wp\/v2\/posts\/3795\/revisions\/3798"}],"wp:featuredmedia":[{"embeddable":true,"href":"https:\/\/sites.ffkarate.fr\/rhonemetropoledelyon\/wp-json\/wp\/v2\/media\/3796"}],"wp:attachment":[{"href":"https:\/\/sites.ffkarate.fr\/rhonemetropoledelyon\/wp-json\/wp\/v2\/media?parent=3795"}],"wp:term":[{"taxonomy":"category","embeddable":true,"href":"https:\/\/sites.ffkarate.fr\/rhonemetropoledelyon\/wp-json\/wp\/v2\/categories?post=3795"},{"taxonomy":"post_tag","embeddable":true,"href":"https:\/\/sites.ffkarate.fr\/rhonemetropoledelyon\/wp-json\/wp\/v2\/tags?post=3795"}],"curies":[{"name":"wp","href":"https:\/\/api.w.org\/{rel}","templated":true}]}}