{"id":3799,"date":"2022-05-09T17:59:42","date_gmt":"2022-05-09T15:59:42","guid":{"rendered":"https:\/\/sites.ffkarate.fr\/rhonemetropoledelyon\/?p=3799"},"modified":"2022-05-09T17:59:42","modified_gmt":"2022-05-09T15:59:42","slug":"retour-sur-le-championnat-de-france-contact-semi-contact-inter-disciplines-a-ecully","status":"publish","type":"post","link":"https:\/\/sites.ffkarate.fr\/rhonemetropoledelyon\/2022\/05\/09\/retour-sur-le-championnat-de-france-contact-semi-contact-inter-disciplines-a-ecully\/","title":{"rendered":"Retour sur le Championnat de France Contact \/ Semi-Contact Inter-disciplines \u00e0 ECULLY"},"content":{"rendered":"<div class=\"wpb-content-wrapper\"><p>[vc_row][vc_column][vc_column_text]Cette ann\u00e9e, le <em>Comit\u00e9 D\u00e9partemental du Rh\u00f4ne \/ M\u00e9tropole de Lyon de Karat\u00e9 et Disciplines Associ\u00e9es<\/em>, sous l\u2019\u00e9gide de la <em>F\u00e9d\u00e9ration Fran\u00e7aise de Karat\u00e9<\/em>, a eu le plaisir d\u2019accueillir et d\u2019organiser le <em>Championnat de France Contact \/ Semi-Contact Inter-disciplines<\/em> \u00e0 Ecully.<\/p>\n<p>Cet \u00e9v\u00e9nement national a connu un vif succ\u00e8s. En effet, plus de 80 comp\u00e9titeurs \u00e9taient pr\u00e9sents.<\/p>\n<p>Les participants (des cat\u00e9gories Benjamins \u00e0 V\u00e9t\u00e9rans et tous issus de disciplines diff\u00e9rentes) sont venus de toute la France pour prendre part \u00e0 ce Championnat.<\/p>\n<p><strong>Monsieur Mohammed MESSADAOUI<\/strong>, Responsable de la Commission Nationale d\u2019Arbitrage pr\u00e9cise\u00a0:<\/p>\n<ul>\n<li><em>\u00ab\u00a0L\u2019objectif de cette manifestation est de r\u00e9unir l\u2019ensemble des disciplines sportives de la F\u00e9d\u00e9ration Fran\u00e7aise de Karat\u00e9 et Disciplines Associ\u00e9es dans une comp\u00e9tition commune.<\/em><\/li>\n<\/ul>\n<p><em>Il s\u2019agit de s\u2019enrichir de la diversit\u00e9 de nos disciplines malgr\u00e9 les diff\u00e9rences.<\/em><\/p>\n<p><em>Le Championnat de France Contact Inter-disciplines se veut \u00eatre un moment de d\u00e9couverte, de partage et de rencontre ; une opportunit\u00e9 de se rassembler autour de valeurs communes : la combativit\u00e9, l\u2019humilit\u00e9, la sportivit\u00e9 et le respect.\u00a0\u00bb<\/em><\/p>\n<p>Les combats \u00e9taient engag\u00e9s, de qualit\u00e9 et d\u2019une grande richesse technique. La participation des cat\u00e9gories f\u00e9minines \u00e9tait de 35%. De nombreux clubs de la r\u00e9gion se sont d\u00e9plac\u00e9s pour assister et\/ou participer \u00e0 l\u2019\u00e9v\u00e8nement.<\/p>\n<p>Le Maire d\u2019Ecully, <strong>Monsieur S\u00e9bastien MICHEL<\/strong>, nous a fait l\u2019honneur de sa pr\u00e9sence au cours de l\u2019\u00e9v\u00e8nement et pour la remise des m\u00e9dailles.<\/p>\n<p><strong>Monsieur Bernard BILICKI<\/strong>, Expert F\u00e9d\u00e9ral 9\u00e8me dan nous a \u00e9galement fait le plaisir d\u2019\u00eatre parmi nous.<\/p>\n<p>Le Pr\u00e9sident du <em>Comit\u00e9 D\u00e9partemental du Rh\u00f4ne \/ M\u00e9tropole de Lyon de Karat\u00e9 et Disciplines Associ\u00e9es<\/em>, <strong>Monsieur Jo BRACCHI<\/strong> remercie particuli\u00e8rement la <em>Ville d\u2019Ecully<\/em> et la <em>F\u00e9d\u00e9ration Fran\u00e7aise de Karat\u00e9<\/em> pour leur confiance.<\/p>\n<p>En effet, l\u2019Adjoint aux Sports de la ville d\u2019Ecully, <strong>Monsieur Christophe MOREL-JOURNEL<\/strong> a permis la mise \u00e0 disposition du Centre Sportif et de Loisirs (4 rue Jean Rigaud). Nous sommes ravis d\u2019avoir pu b\u00e9n\u00e9ficier d\u2019une telle installation.<\/p>\n<p>Le Pr\u00e9sident remercie \u00e9galement les membres de son Comit\u00e9 Directeur, l\u2019ensemble des b\u00e9n\u00e9voles, des arbitres et des personnes pr\u00e9sentes. Toutes et tous ont contribu\u00e9 au bon d\u00e9roulement de cette manifestation.<\/p>\n<p><strong><em>Lien vers <a href=\"https:\/\/www.ffkarate.fr\/mediatheque\/championnat-de-france-contact-semi-contact-interdisciplines-mai-2022\/\" target=\"_blank\" rel=\"noopener\">la galerie photo\u00a0<\/a>(photographe\u00a0: \u00a9 Fr\u00e9d\u00e9ric Chambert)<\/em><\/strong><\/p>\n<p>[\/vc_column_text][\/vc_column][\/vc_row]<\/p>\n<\/div>","protected":false},"excerpt":{"rendered":"<p>[vc_row][vc_column][vc_column_text]Cette ann\u00e9e, le Comit\u00e9 D\u00e9partemental du Rh\u00f4ne \/ M\u00e9tropole de Lyon de Karat\u00e9 et Disciplines Associ\u00e9es, sous l\u2019\u00e9gide de la F\u00e9d\u00e9ration Fran\u00e7aise de Karat\u00e9, a eu le plaisir d\u2019accueillir et d\u2019organiser le Championnat de France Contact \/ Semi-Contact Inter-disciplines \u00e0 Ecully. Cet \u00e9v\u00e9nement national a connu un vif succ\u00e8s. En effet, plus de 80 comp\u00e9titeurs [&hellip;]<\/p>\n","protected":false},"author":143,"featured_media":3800,"comment_status":"closed","ping_status":"closed","sticky":false,"template":"","format":"standard","meta":{"footnotes":""},"categories":[5,10,1],"tags":[],"class_list":["post-3799","post","type-post","status-publish","format-standard","hentry","category-actualites","category-competitions","category-non-classe"],"_links":{"self":[{"href":"https:\/\/sites.ffkarate.fr\/rhonemetropoledelyon\/wp-json\/wp\/v2\/posts\/3799","targetHints":{"allow":["GET"]}}],"collection":[{"href":"https:\/\/sites.ffkarate.fr\/rhonemetropoledelyon\/wp-json\/wp\/v2\/posts"}],"about":[{"href":"https:\/\/sites.ffkarate.fr\/rhonemetropoledelyon\/wp-json\/wp\/v2\/types\/post"}],"author":[{"embeddable":true,"href":"https:\/\/sites.ffkarate.fr\/rhonemetropoledelyon\/wp-json\/wp\/v2\/users\/143"}],"replies":[{"embeddable":true,"href":"https:\/\/sites.ffkarate.fr\/rhonemetropoledelyon\/wp-json\/wp\/v2\/comments?post=3799"}],"version-history":[{"count":2,"href":"https:\/\/sites.ffkarate.fr\/rhonemetropoledelyon\/wp-json\/wp\/v2\/posts\/3799\/revisions"}],"predecessor-version":[{"id":3802,"href":"https:\/\/sites.ffkarate.fr\/rhonemetropoledelyon\/wp-json\/wp\/v2\/posts\/3799\/revisions\/3802"}],"wp:featuredmedia":[{"embeddable":true,"href":"https:\/\/sites.ffkarate.fr\/rhonemetropoledelyon\/wp-json\/wp\/v2\/media\/3800"}],"wp:attachment":[{"href":"https:\/\/sites.ffkarate.fr\/rhonemetropoledelyon\/wp-json\/wp\/v2\/media?parent=3799"}],"wp:term":[{"taxonomy":"category","embeddable":true,"href":"https:\/\/sites.ffkarate.fr\/rhonemetropoledelyon\/wp-json\/wp\/v2\/categories?post=3799"},{"taxonomy":"post_tag","embeddable":true,"href":"https:\/\/sites.ffkarate.fr\/rhonemetropoledelyon\/wp-json\/wp\/v2\/tags?post=3799"}],"curies":[{"name":"wp","href":"https:\/\/api.w.org\/{rel}","templated":true}]}}