{"id":3809,"date":"2022-05-18T14:22:37","date_gmt":"2022-05-18T12:22:37","guid":{"rendered":"https:\/\/sites.ffkarate.fr\/rhonemetropoledelyon\/?p=3809"},"modified":"2022-05-18T14:22:37","modified_gmt":"2022-05-18T12:22:37","slug":"stage-de-karate-defense-karate-contact-b-bilicki-d-valera","status":"publish","type":"post","link":"https:\/\/sites.ffkarate.fr\/rhonemetropoledelyon\/2022\/05\/18\/stage-de-karate-defense-karate-contact-b-bilicki-d-valera\/","title":{"rendered":"STAGE DE KARAT\u00c9 D\u00c9FENSE \/ KARAT\u00c9 CONTACT &#8211; B.BILICKI &amp; D.VALERA"},"content":{"rendered":"<div class=\"wpb-content-wrapper\"><p>[vc_row][vc_column][vc_column_text]<\/p>\n<div class=\"aju\"><\/div>\n<div class=\"gs\">\n<div class=\"\">\n<div id=\":1ay\">[ STAGE DE KARAT\u00c9 D\u00c9FENSE \/ KARAT\u00c9 CONTACT &#8211; B.BILICKI &amp; D.VALERA] <img decoding=\"async\" class=\"an1\" src=\"https:\/\/fonts.gstatic.com\/s\/e\/notoemoji\/14.0\/1f94b\/72.png\" alt=\"\ud83e\udd4b\" width=\"16\" height=\"16\" data-emoji=\"\ud83e\udd4b\" aria-label=\"\ud83e\udd4b\" \/><img decoding=\"async\" class=\"an1\" src=\"https:\/\/fonts.gstatic.com\/s\/e\/notoemoji\/14.0\/1f44a\/72.png\" alt=\"\ud83d\udc4a\" width=\"13\" height=\"13\" data-emoji=\"\ud83d\udc4a\" aria-label=\"\ud83d\udc4a\" \/><\/div>\n<div id=\":1bm\" class=\"ii gt\">\n<div id=\":1b8\" class=\"a3s aiL \">\n<p><img decoding=\"async\" class=\"an1\" src=\"https:\/\/fonts.gstatic.com\/s\/e\/notoemoji\/14.0\/27a1_fe0f\/72.png\" alt=\"\u27a1\ufe0f\" width=\"15\" height=\"15\" data-emoji=\"\u27a1\ufe0f\" aria-label=\"\u27a1\ufe0f\" \/>\u00a0\u00ab En relation avec les grades \u00bb<\/p>\n<p><img decoding=\"async\" class=\"an1\" src=\"https:\/\/fonts.gstatic.com\/s\/e\/notoemoji\/14.0\/2705\/72.png\" alt=\"\u2705\" width=\"16\" height=\"16\" data-emoji=\"\u2705\" aria-label=\"\u2705\" \/>\u00a0A ne pas manquer : le Comit\u00e9 du Rh\u00f4ne \/ M\u00e9tropole de Lyon de Karat\u00e9 et Disciplines Associ\u00e9es organise un stage d\u2019Experts le 27 mai 2022 \u00e0 ECULLY.<\/p>\n<p>Il sera dirig\u00e9 par Bernard BILICKI et Dominique VALERA, Experts F\u00e9d\u00e9raux 9\u00e8me Dan.<\/p>\n<p><img decoding=\"async\" class=\"an1\" src=\"https:\/\/fonts.gstatic.com\/s\/e\/notoemoji\/14.0\/27a1_fe0f\/72.png\" alt=\"\u27a1\ufe0f\" width=\"20\" height=\"20\" data-emoji=\"\u27a1\ufe0f\" aria-label=\"\u27a1\ufe0f\" \/>\u00a0Stage GRATUIT<br \/>\n<img decoding=\"async\" class=\"an1\" src=\"https:\/\/fonts.gstatic.com\/s\/e\/notoemoji\/14.0\/27a1_fe0f\/72.png\" alt=\"\u27a1\ufe0f\" width=\"16\" height=\"16\" data-emoji=\"\u27a1\ufe0f\" aria-label=\"\u27a1\ufe0f\" \/>\u00a0POINT DE BONIFICATION pour les GRADES<br \/>\n<img decoding=\"async\" class=\"an1\" src=\"https:\/\/fonts.gstatic.com\/s\/e\/notoemoji\/14.0\/27a1_fe0f\/72.png\" alt=\"\u27a1\ufe0f\" width=\"17\" height=\"17\" data-emoji=\"\u27a1\ufe0f\" aria-label=\"\u27a1\ufe0f\" \/>\u00a0OUVERT \u00c0 TOUS : pratiquants, professeurs, mais aussi aux jurys (pour lesquels la pr\u00e9sence est vivement souhait\u00e9e) et candidats jurys.<\/p>\n<p>Nous vous attendons nombreux !\u00a0<img decoding=\"async\" class=\"an1\" src=\"https:\/\/fonts.gstatic.com\/s\/e\/notoemoji\/14.0\/1f94a\/72.png\" alt=\"\ud83e\udd4a\" width=\"18\" height=\"18\" data-emoji=\"\ud83e\udd4a\" aria-label=\"\ud83e\udd4a\" \/><img decoding=\"async\" class=\"an1\" src=\"https:\/\/fonts.gstatic.com\/s\/e\/notoemoji\/14.0\/1f94b\/72.png\" alt=\"\ud83e\udd4b\" width=\"18\" height=\"18\" data-emoji=\"\ud83e\udd4b\" aria-label=\"\ud83e\udd4b\" \/><img decoding=\"async\" class=\"an1\" src=\"https:\/\/fonts.gstatic.com\/s\/e\/notoemoji\/14.0\/1f44a\/72.png\" alt=\"\ud83d\udc4a\" width=\"16\" height=\"16\" data-emoji=\"\ud83d\udc4a\" aria-label=\"\ud83d\udc4a\" \/><\/p>\n<\/div>\n<\/div>\n<\/div>\n<\/div>\n<p>[\/vc_column_text][\/vc_column][\/vc_row]<\/p>\n<\/div>","protected":false},"excerpt":{"rendered":"<p>[vc_row][vc_column][vc_column_text] [ STAGE DE KARAT\u00c9 D\u00c9FENSE \/ KARAT\u00c9 CONTACT &#8211; B.BILICKI &amp; D.VALERA] \u00a0\u00ab En relation avec les grades \u00bb \u00a0A ne pas manquer : le Comit\u00e9 du Rh\u00f4ne \/ M\u00e9tropole de Lyon de Karat\u00e9 et Disciplines Associ\u00e9es organise un stage d\u2019Experts le 27 mai 2022 \u00e0 ECULLY. Il sera dirig\u00e9 par Bernard BILICKI et [&hellip;]<\/p>\n","protected":false},"author":143,"featured_media":3808,"comment_status":"closed","ping_status":"closed","sticky":false,"template":"","format":"standard","meta":{"footnotes":""},"categories":[12,19],"tags":[],"class_list":["post-3809","post","type-post","status-publish","format-standard","hentry","category-grades","category-stages"],"_links":{"self":[{"href":"https:\/\/sites.ffkarate.fr\/rhonemetropoledelyon\/wp-json\/wp\/v2\/posts\/3809","targetHints":{"allow":["GET"]}}],"collection":[{"href":"https:\/\/sites.ffkarate.fr\/rhonemetropoledelyon\/wp-json\/wp\/v2\/posts"}],"about":[{"href":"https:\/\/sites.ffkarate.fr\/rhonemetropoledelyon\/wp-json\/wp\/v2\/types\/post"}],"author":[{"embeddable":true,"href":"https:\/\/sites.ffkarate.fr\/rhonemetropoledelyon\/wp-json\/wp\/v2\/users\/143"}],"replies":[{"embeddable":true,"href":"https:\/\/sites.ffkarate.fr\/rhonemetropoledelyon\/wp-json\/wp\/v2\/comments?post=3809"}],"version-history":[{"count":2,"href":"https:\/\/sites.ffkarate.fr\/rhonemetropoledelyon\/wp-json\/wp\/v2\/posts\/3809\/revisions"}],"predecessor-version":[{"id":3811,"href":"https:\/\/sites.ffkarate.fr\/rhonemetropoledelyon\/wp-json\/wp\/v2\/posts\/3809\/revisions\/3811"}],"wp:featuredmedia":[{"embeddable":true,"href":"https:\/\/sites.ffkarate.fr\/rhonemetropoledelyon\/wp-json\/wp\/v2\/media\/3808"}],"wp:attachment":[{"href":"https:\/\/sites.ffkarate.fr\/rhonemetropoledelyon\/wp-json\/wp\/v2\/media?parent=3809"}],"wp:term":[{"taxonomy":"category","embeddable":true,"href":"https:\/\/sites.ffkarate.fr\/rhonemetropoledelyon\/wp-json\/wp\/v2\/categories?post=3809"},{"taxonomy":"post_tag","embeddable":true,"href":"https:\/\/sites.ffkarate.fr\/rhonemetropoledelyon\/wp-json\/wp\/v2\/tags?post=3809"}],"curies":[{"name":"wp","href":"https:\/\/api.w.org\/{rel}","templated":true}]}}