{"id":4387,"date":"2024-12-09T10:01:01","date_gmt":"2024-12-09T09:01:01","guid":{"rendered":"https:\/\/sites.ffkarate.fr\/rhonemetropoledelyon\/?p=4387"},"modified":"2024-12-09T10:02:03","modified_gmt":"2024-12-09T09:02:03","slug":"listes-de-preinscrits-aux-competitions-qualificatives-de-ligue-aura","status":"publish","type":"post","link":"https:\/\/sites.ffkarate.fr\/rhonemetropoledelyon\/2024\/12\/09\/listes-de-preinscrits-aux-competitions-qualificatives-de-ligue-aura\/","title":{"rendered":"Listes de pr\u00e9inscrits aux comp\u00e9titions qualificatives de Ligue AURA"},"content":{"rendered":"<div class=\"wpb-content-wrapper\"><p>[vc_row][vc_column][vc_column_text]Bonjour,<\/p>\n<p>Vous trouverez <strong>dans les quatre documents ci-dessous<\/strong> <strong><em>les listes de pr\u00e9inscrits aux comp\u00e9titions qualificatives de ligue AURA<\/em>.<\/strong><\/p>\n<p>Si vous rencontrez un probl\u00e8me ou si vous avez des questions, merci d&rsquo;adressez votre demande \u00e0 <strong>M. Christian MAMASIAN (christian.mamasian@gmail.com).<\/strong>[\/vc_column_text][\/vc_column][\/vc_row]<\/p>\n<\/div>","protected":false},"excerpt":{"rendered":"<p>[vc_row][vc_column][vc_column_text]Bonjour, Vous trouverez dans les quatre documents ci-dessous les listes de pr\u00e9inscrits aux comp\u00e9titions qualificatives de ligue AURA. Si vous rencontrez un probl\u00e8me ou si vous avez des questions, merci d&rsquo;adressez votre demande \u00e0 M. Christian MAMASIAN (christian.mamasian@gmail.com).[\/vc_column_text][\/vc_column][\/vc_row]<\/p>\n","protected":false},"author":143,"featured_media":0,"comment_status":"closed","ping_status":"closed","sticky":false,"template":"","format":"standard","meta":{"footnotes":""},"categories":[5,10],"tags":[],"class_list":["post-4387","post","type-post","status-publish","format-standard","hentry","category-actualites","category-competitions"],"_links":{"self":[{"href":"https:\/\/sites.ffkarate.fr\/rhonemetropoledelyon\/wp-json\/wp\/v2\/posts\/4387","targetHints":{"allow":["GET"]}}],"collection":[{"href":"https:\/\/sites.ffkarate.fr\/rhonemetropoledelyon\/wp-json\/wp\/v2\/posts"}],"about":[{"href":"https:\/\/sites.ffkarate.fr\/rhonemetropoledelyon\/wp-json\/wp\/v2\/types\/post"}],"author":[{"embeddable":true,"href":"https:\/\/sites.ffkarate.fr\/rhonemetropoledelyon\/wp-json\/wp\/v2\/users\/143"}],"replies":[{"embeddable":true,"href":"https:\/\/sites.ffkarate.fr\/rhonemetropoledelyon\/wp-json\/wp\/v2\/comments?post=4387"}],"version-history":[{"count":3,"href":"https:\/\/sites.ffkarate.fr\/rhonemetropoledelyon\/wp-json\/wp\/v2\/posts\/4387\/revisions"}],"predecessor-version":[{"id":4390,"href":"https:\/\/sites.ffkarate.fr\/rhonemetropoledelyon\/wp-json\/wp\/v2\/posts\/4387\/revisions\/4390"}],"wp:attachment":[{"href":"https:\/\/sites.ffkarate.fr\/rhonemetropoledelyon\/wp-json\/wp\/v2\/media?parent=4387"}],"wp:term":[{"taxonomy":"category","embeddable":true,"href":"https:\/\/sites.ffkarate.fr\/rhonemetropoledelyon\/wp-json\/wp\/v2\/categories?post=4387"},{"taxonomy":"post_tag","embeddable":true,"href":"https:\/\/sites.ffkarate.fr\/rhonemetropoledelyon\/wp-json\/wp\/v2\/tags?post=4387"}],"curies":[{"name":"wp","href":"https:\/\/api.w.org\/{rel}","templated":true}]}}