{"id":781,"date":"2015-11-19T02:11:46","date_gmt":"2015-11-19T01:11:46","guid":{"rendered":"https:\/\/sites.ffkarate.fr\/rhonemetropoledelyon\/?post_type=news&amp;p=781"},"modified":"2015-11-19T02:11:46","modified_gmt":"2015-11-19T01:11:46","slug":"championnat-kumite-seniors-et-kata-mcjs-coupe-kata-ppb","status":"publish","type":"post","link":"https:\/\/sites.ffkarate.fr\/rhonemetropoledelyon\/2015\/11\/19\/championnat-kumite-seniors-et-kata-mcjs-coupe-kata-ppb\/","title":{"rendered":"Championnat Kumite seniors, et Kata MCJS ; Coupe Kata PPB"},"content":{"rendered":"<div class=\"wpb-content-wrapper\"><p>[vc_row][vc_column][vc_column_text]Sur la page \u00ab\u00a0informations\u00a0\u00bb de l&rsquo;onglet \u00ab\u00a0comp\u00e9titions\u00a0\u00bb, vous pouvez consulter et v\u00e9rifier la liste des inscriptions re\u00e7ues pour ces comp\u00e9titions.<\/p>\n<p>Nous vous informons que pour ces comp\u00e9titions, et dans le cadre de l&rsquo;\u00e9tat d&rsquo;urgence d\u00e9cr\u00e9t\u00e9 par le Pr\u00e9sident de la R\u00e9publique, le Comit\u00e9 Directeur a mandat\u00e9 une soci\u00e9t\u00e9 de s\u00e9curit\u00e9 dont des agents seront post\u00e9s \u00e0 l&rsquo;entr\u00e9e du gymnase Blondin et de la Maison du Judo. Nous vous remercions de bien vouloir coop\u00e9rer avec ce service de s\u00e9curit\u00e9, dans l&rsquo;int\u00e9r\u00eat g\u00e9n\u00e9ral.[\/vc_column_text][\/vc_column][\/vc_row]<\/p>\n<\/div>","protected":false},"excerpt":{"rendered":"<p>[vc_row][vc_column][vc_column_text]Sur la page \u00ab\u00a0informations\u00a0\u00bb de l&rsquo;onglet \u00ab\u00a0comp\u00e9titions\u00a0\u00bb, vous pouvez consulter et v\u00e9rifier la liste des inscriptions re\u00e7ues pour ces comp\u00e9titions. Nous vous informons que pour ces comp\u00e9titions, et dans le cadre de l&rsquo;\u00e9tat d&rsquo;urgence d\u00e9cr\u00e9t\u00e9 par le Pr\u00e9sident de la R\u00e9publique, le Comit\u00e9 Directeur a mandat\u00e9 une soci\u00e9t\u00e9 de s\u00e9curit\u00e9 dont des agents seront post\u00e9s [&hellip;]<\/p>\n","protected":false},"author":143,"featured_media":0,"comment_status":"closed","ping_status":"closed","sticky":false,"template":"","format":"standard","meta":{"footnotes":""},"categories":[1],"tags":[],"class_list":["post-781","post","type-post","status-publish","format-standard","hentry","category-non-classe"],"_links":{"self":[{"href":"https:\/\/sites.ffkarate.fr\/rhonemetropoledelyon\/wp-json\/wp\/v2\/posts\/781","targetHints":{"allow":["GET"]}}],"collection":[{"href":"https:\/\/sites.ffkarate.fr\/rhonemetropoledelyon\/wp-json\/wp\/v2\/posts"}],"about":[{"href":"https:\/\/sites.ffkarate.fr\/rhonemetropoledelyon\/wp-json\/wp\/v2\/types\/post"}],"author":[{"embeddable":true,"href":"https:\/\/sites.ffkarate.fr\/rhonemetropoledelyon\/wp-json\/wp\/v2\/users\/143"}],"replies":[{"embeddable":true,"href":"https:\/\/sites.ffkarate.fr\/rhonemetropoledelyon\/wp-json\/wp\/v2\/comments?post=781"}],"version-history":[{"count":0,"href":"https:\/\/sites.ffkarate.fr\/rhonemetropoledelyon\/wp-json\/wp\/v2\/posts\/781\/revisions"}],"wp:attachment":[{"href":"https:\/\/sites.ffkarate.fr\/rhonemetropoledelyon\/wp-json\/wp\/v2\/media?parent=781"}],"wp:term":[{"taxonomy":"category","embeddable":true,"href":"https:\/\/sites.ffkarate.fr\/rhonemetropoledelyon\/wp-json\/wp\/v2\/categories?post=781"},{"taxonomy":"post_tag","embeddable":true,"href":"https:\/\/sites.ffkarate.fr\/rhonemetropoledelyon\/wp-json\/wp\/v2\/tags?post=781"}],"curies":[{"name":"wp","href":"https:\/\/api.w.org\/{rel}","templated":true}]}}