{"id":1939,"date":"2024-04-05T08:22:50","date_gmt":"2024-04-05T06:22:50","guid":{"rendered":"https:\/\/sites.ffkarate.fr\/saoneetloire\/?p=1939"},"modified":"2024-04-05T08:22:17","modified_gmt":"2024-04-05T06:22:17","slug":"stage-expert-federal-axe-passage-de-grade","status":"publish","type":"post","link":"https:\/\/sites.ffkarate.fr\/saoneetloire\/2024\/04\/05\/stage-expert-federal-axe-passage-de-grade\/","title":{"rendered":"STAGE EXPERT FEDERAL AXE PASSAGE DE GRADE 04\/05\/2024"},"content":{"rendered":"<div class=\"wpb-content-wrapper\"><p>[vc_row][vc_column][vc_column_text]<strong>Stage d\u00e9partemental de pr\u00e9paration aux passages de grades<\/strong><\/p>\n<div class=\"vc_row wpb_row vc_row-fluid\">\n<div class=\"wpb_column vc_column_container vc_col-sm-12\">\n<div class=\"vc_column-inner\">\n<div class=\"wpb_wrapper\">\n<div class=\"wpb_text_column wpb_content_element \">\n<div class=\"wpb_wrapper\">\n<p><strong>Le samedi 04 Mai 2024, le Comit\u00e9 D\u00e9partemental propose un stage de karat\u00e9\u00a0<\/strong>(1 point de bonification)<strong> au DOJO R\u00e9gional Alain LE HETET de Chevigny-Saint-Sauveur.<\/strong><\/p>\n<\/div>\n<\/div>\n<\/div>\n<\/div>\n<\/div>\n<\/div>\n<div class=\"vc_row wpb_row vc_row-fluid\">\n<div class=\"wpb_column vc_column_container vc_col-sm-12\">\n<div class=\"vc_column-inner\">\n<div class=\"wpb_wrapper\">\n<div class=\"vc_empty_space\"><\/div>\n<\/div>\n<\/div>\n<\/div>\n<\/div>\n<div class=\"vc_row wpb_row vc_row-fluid vc_column-gap-15\">\n<div class=\"wpb_column vc_column_container vc_col-sm-8\">\n<div class=\"vc_column-inner\">\n<div class=\"wpb_wrapper\">\n<div class=\"wpb_text_column wpb_content_element \">\n<div class=\"wpb_wrapper\">\n<h2>Informations suppl\u00e9mentaires<\/h2>\n<p><strong>Participation :<\/strong>\u00a010\u20ac<\/p>\n<p><strong>Publics Cibl\u00e9s :<\/strong>\u00a0Ouvert aux licenci\u00e9s FFK de C\u00f4te d\u2019Or et autres D\u00e9partements<\/p>\n<p><strong>Tenue sportive exig\u00e9e :<\/strong>\u00a0kimono avec ceinture ou bas du kimono avec tee-shirt. Tout autre effet ajout\u00e9 \u00e0 la tenue sportive sp\u00e9cifique n\u2019est pas autoris\u00e9.<\/p>\n<p><strong>Pour tous renseignements suppl\u00e9mentaires :<\/strong>\u00a0antonio.fois@free.fr \/ 06 12 63 41 91<\/p>\n<p><strong>Adresse :<\/strong>\u00a0DOJO R\u00e9gional Alain LE HETET \u2013 Rue Sacha Distel 21800 CHEVIGNY-SAINT-SAUVEUR.<\/p>\n<\/div>\n<\/div>\n<\/div>\n<\/div>\n<\/div>\n<\/div>\n<p><a href=\"https:\/\/sites.ffkarate.fr\/cotedor\/event\/stage-expert-federal\/\">https:\/\/sites.ffkarate.fr\/cotedor\/event\/stage-expert-federal\/<\/a>[\/vc_column_text][\/vc_column][\/vc_row]<\/p>\n<\/div>","protected":false},"excerpt":{"rendered":"<p>[vc_row][vc_column][vc_column_text]Stage d\u00e9partemental de pr\u00e9paration aux passages de grades Le samedi 04 Mai 2024, le Comit\u00e9 D\u00e9partemental propose un stage de karat\u00e9\u00a0(1 point de bonification) au DOJO R\u00e9gional Alain LE HETET de Chevigny-Saint-Sauveur. Informations suppl\u00e9mentaires Participation :\u00a010\u20ac Publics Cibl\u00e9s :\u00a0Ouvert aux licenci\u00e9s FFK de C\u00f4te d\u2019Or et autres D\u00e9partements Tenue sportive exig\u00e9e :\u00a0kimono avec ceinture ou [&hellip;]<\/p>\n","protected":false},"author":214,"featured_media":1988,"comment_status":"closed","ping_status":"closed","sticky":false,"template":"","format":"standard","meta":{"footnotes":""},"categories":[1,19],"tags":[],"class_list":["post-1939","post","type-post","status-publish","format-standard","hentry","category-non-classe","category-stages"],"_links":{"self":[{"href":"https:\/\/sites.ffkarate.fr\/saoneetloire\/wp-json\/wp\/v2\/posts\/1939","targetHints":{"allow":["GET"]}}],"collection":[{"href":"https:\/\/sites.ffkarate.fr\/saoneetloire\/wp-json\/wp\/v2\/posts"}],"about":[{"href":"https:\/\/sites.ffkarate.fr\/saoneetloire\/wp-json\/wp\/v2\/types\/post"}],"author":[{"embeddable":true,"href":"https:\/\/sites.ffkarate.fr\/saoneetloire\/wp-json\/wp\/v2\/users\/214"}],"replies":[{"embeddable":true,"href":"https:\/\/sites.ffkarate.fr\/saoneetloire\/wp-json\/wp\/v2\/comments?post=1939"}],"version-history":[{"count":3,"href":"https:\/\/sites.ffkarate.fr\/saoneetloire\/wp-json\/wp\/v2\/posts\/1939\/revisions"}],"predecessor-version":[{"id":1990,"href":"https:\/\/sites.ffkarate.fr\/saoneetloire\/wp-json\/wp\/v2\/posts\/1939\/revisions\/1990"}],"wp:featuredmedia":[{"embeddable":true,"href":"https:\/\/sites.ffkarate.fr\/saoneetloire\/wp-json\/wp\/v2\/media\/1988"}],"wp:attachment":[{"href":"https:\/\/sites.ffkarate.fr\/saoneetloire\/wp-json\/wp\/v2\/media?parent=1939"}],"wp:term":[{"taxonomy":"category","embeddable":true,"href":"https:\/\/sites.ffkarate.fr\/saoneetloire\/wp-json\/wp\/v2\/categories?post=1939"},{"taxonomy":"post_tag","embeddable":true,"href":"https:\/\/sites.ffkarate.fr\/saoneetloire\/wp-json\/wp\/v2\/tags?post=1939"}],"curies":[{"name":"wp","href":"https:\/\/api.w.org\/{rel}","templated":true}]}}