{"id":2116,"date":"2024-11-17T18:56:03","date_gmt":"2024-11-17T17:56:03","guid":{"rendered":"https:\/\/sites.ffkarate.fr\/saoneetloire\/?p=2116"},"modified":"2024-11-19T14:20:37","modified_gmt":"2024-11-19T13:20:37","slug":"stage-arbitrage-kata-kumite-le-30-11-2024","status":"publish","type":"post","link":"https:\/\/sites.ffkarate.fr\/saoneetloire\/2024\/11\/17\/stage-arbitrage-kata-kumite-le-30-11-2024\/","title":{"rendered":"STAGE ARBITRAGE KATA\/KUMITE LE 30\/11\/2024"},"content":{"rendered":"<div class=\"wpb-content-wrapper\"><p>[vc_row][vc_column][vc_column_text]<\/p>\n<div class=\"vc_row wpb_row vc_row-fluid\">\n<div class=\"wpb_column vc_column_container vc_col-sm-12 bg_grey\">\n<div class=\"vc_column-inner\">\n<div class=\"wpb_wrapper\">\n<div class=\"wpb_text_column wpb_content_element\">\n<div class=\"wpb_wrapper\">\n<p>STAGE ARBITRAGE LE SAMEDI 30 NOVEMBRE 2024 DIJON<\/p>\n<ul>\n<li>8h30 \u00e0 12h00 : Stage Arbitral Kata<\/li>\n<li>13h00 \u00e0 17h00 : Stage Arbitral Kumit\u00e9<\/li>\n<\/ul>\n<\/div>\n<\/div>\n<div class=\"wpb_text_column wpb_content_element\">\n<div class=\"wpb_wrapper\">\n<div><strong>Ce stage sera dirig\u00e9 par Christophe COUTANCHE, Arbitre National A, Juge National A, Responsable d\u2019Arbitrage pour la C\u00f4te-d\u2019Or<\/strong><\/div>\n<\/div>\n<\/div>\n<div class=\"wpb_text_column wpb_content_element\">\n<div class=\"wpb_wrapper\">\n<p><strong>Il est ouvert \u00e0 tout les licenci\u00e9s, coachs, DIF et Arbitres du D\u00e9partement ou de la r\u00e9gion.<\/strong><\/p>\n<\/div>\n<\/div>\n<div class=\"wpb_text_column wpb_content_element\">\n<div class=\"wpb_wrapper\">\n<p><strong>\u2013 Stage pratique sur la prise d\u2019information, l\u2019analyse et les d\u00e9cisions en arbitrage.<br \/>\n\u2013 Explication du r\u00e8glement et mise en application.<br \/>\n\u2013 Stage qui se prolonge le lendemain gr\u00e2ce au challenge de No\u00ebl.<\/strong><\/p>\n<\/div>\n<\/div>\n<div class=\"wpb_content_element ffk_buttons\"><a class=\"button primary big\" href=\"https:\/\/sites.ffkarate.fr\/cotedor\/event\/stage-darbitrage-2025\/\" target=\"_blank\" rel=\"noopener\">\u00a0Affiche \u00e0 venir &#8230;<\/a><\/div>\n<\/div>\n<\/div>\n<\/div>\n<\/div>\n<div class=\"vc_row wpb_row vc_row-fluid\">\n<div class=\"wpb_column vc_column_container vc_col-sm-12\">\n<div class=\"vc_column-inner\">\n<div class=\"wpb_wrapper\">\n<div class=\"vc_empty_space\"><\/div>\n<\/div>\n<\/div>\n<\/div>\n<\/div>\n<div class=\"vc_row wpb_row vc_row-fluid bg_grey vc_column-gap-15\">\n<div class=\"wpb_column vc_column_container vc_col-sm-8\">\n<div class=\"vc_column-inner\">\n<div class=\"wpb_wrapper\">\n<div class=\"wpb_text_column wpb_content_element\">\n<div class=\"wpb_wrapper\">\n<h2>Informations suppl\u00e9mentaires<\/h2>\n<p><strong>Participation :<\/strong>\u00a0GRATUIT<\/p>\n<p><strong>Publics Cibl\u00e9s :<\/strong>\u00a0Ouvert aux licenci\u00e9s FFK, C\u00f4te d\u2019Or et autres D\u00e9partements<\/p>\n<p><strong>Tenue sportive exig\u00e9e :<\/strong>\u00a0kimono avec ceinture ou bas du kimono avec tee-shirt. Tout autre effet ajout\u00e9 \u00e0 la tenue sportive sp\u00e9cifique n\u2019est pas autoris\u00e9.<\/p>\n<p><strong>Adresse :\u00a0<\/strong>DOJO R\u00e9gional Alain LE HETET, rue Sacha Distel \u2013 21800 Chevigny-Saint-Sauveur.<\/p>\n<\/div>\n<\/div>\n<\/div>\n<\/div>\n<\/div>\n<div class=\"wpb_column vc_column_container vc_col-sm-4\">\n<div class=\"vc_column-inner\">\n<div class=\"wpb_wrapper\">\n<div class=\"wpb_text_column wpb_content_element\">\n<div class=\"wpb_wrapper\">\n<p><strong>Contacts :<\/strong><\/p>\n<\/div>\n<\/div>\n<div class=\"wpb_content_element ffk_peoplecard\">\n<p><img decoding=\"async\" class=\"default attachment-thumbnail size-thumbnail\" src=\"https:\/\/sites.ffkarate.fr\/cotedor\/wp-content\/uploads\/sites\/34\/2024\/09\/C_CMJN_COTEDOR-WEB-176x176.png\" alt=\"\" width=\"176\" height=\"176\" \/><\/p>\n<div class=\"title\">Comit\u00e9 C\u00f4te-d&rsquo;Or FFK<\/div>\n<div class=\"subtitle\"><\/div>\n<p class=\"description\">07 71 50 09 31<br \/>\ncdkarate21@gmail.com<\/p>\n<\/div>\n<\/div>\n<\/div>\n<\/div>\n<\/div>\n<p>[\/vc_column_text][\/vc_column][\/vc_row]<\/p>\n<\/div>","protected":false},"excerpt":{"rendered":"<p>[vc_row][vc_column][vc_column_text] STAGE ARBITRAGE LE SAMEDI 30 NOVEMBRE 2024 DIJON 8h30 \u00e0 12h00 : Stage Arbitral Kata 13h00 \u00e0 17h00 : Stage Arbitral Kumit\u00e9 Ce stage sera dirig\u00e9 par Christophe COUTANCHE, Arbitre National A, Juge National A, Responsable d\u2019Arbitrage pour la C\u00f4te-d\u2019Or Il est ouvert \u00e0 tout les licenci\u00e9s, coachs, DIF et Arbitres du D\u00e9partement ou [&hellip;]<\/p>\n","protected":false},"author":214,"featured_media":2121,"comment_status":"closed","ping_status":"closed","sticky":false,"template":"","format":"standard","meta":{"footnotes":""},"categories":[8,19],"tags":[],"class_list":["post-2116","post","type-post","status-publish","format-standard","hentry","category-arbitrage","category-stages"],"_links":{"self":[{"href":"https:\/\/sites.ffkarate.fr\/saoneetloire\/wp-json\/wp\/v2\/posts\/2116","targetHints":{"allow":["GET"]}}],"collection":[{"href":"https:\/\/sites.ffkarate.fr\/saoneetloire\/wp-json\/wp\/v2\/posts"}],"about":[{"href":"https:\/\/sites.ffkarate.fr\/saoneetloire\/wp-json\/wp\/v2\/types\/post"}],"author":[{"embeddable":true,"href":"https:\/\/sites.ffkarate.fr\/saoneetloire\/wp-json\/wp\/v2\/users\/214"}],"replies":[{"embeddable":true,"href":"https:\/\/sites.ffkarate.fr\/saoneetloire\/wp-json\/wp\/v2\/comments?post=2116"}],"version-history":[{"count":1,"href":"https:\/\/sites.ffkarate.fr\/saoneetloire\/wp-json\/wp\/v2\/posts\/2116\/revisions"}],"predecessor-version":[{"id":2117,"href":"https:\/\/sites.ffkarate.fr\/saoneetloire\/wp-json\/wp\/v2\/posts\/2116\/revisions\/2117"}],"wp:featuredmedia":[{"embeddable":true,"href":"https:\/\/sites.ffkarate.fr\/saoneetloire\/wp-json\/wp\/v2\/media\/2121"}],"wp:attachment":[{"href":"https:\/\/sites.ffkarate.fr\/saoneetloire\/wp-json\/wp\/v2\/media?parent=2116"}],"wp:term":[{"taxonomy":"category","embeddable":true,"href":"https:\/\/sites.ffkarate.fr\/saoneetloire\/wp-json\/wp\/v2\/categories?post=2116"},{"taxonomy":"post_tag","embeddable":true,"href":"https:\/\/sites.ffkarate.fr\/saoneetloire\/wp-json\/wp\/v2\/tags?post=2116"}],"curies":[{"name":"wp","href":"https:\/\/api.w.org\/{rel}","templated":true}]}}