{"id":1357,"date":"2025-12-10T19:59:08","date_gmt":"2025-12-10T18:59:08","guid":{"rendered":"https:\/\/sites.ffkarate.fr\/sarthe\/?p=1357"},"modified":"2025-12-10T20:10:26","modified_gmt":"2025-12-10T19:10:26","slug":"competition-kumite-du-30-novembre-2025","status":"publish","type":"post","link":"https:\/\/sites.ffkarate.fr\/sarthe\/2025\/12\/10\/competition-kumite-du-30-novembre-2025\/","title":{"rendered":"Comp\u00e9tition Kumit\u00e9 du 30 novembre 2025"},"content":{"rendered":"<div class=\"wpb-content-wrapper\"><p>[vc_row][vc_column][vc_column_text]Ce dimanche 30 novembre 2025 avait lieu les championnats et coupes d\u00e9partementales de la Sarthe. Cet \u00e9v\u00e8nement a r\u00e9uni au total 186 comp\u00e9titeurs repr\u00e9sentant 8 clubs inscrits dans leurs cat\u00e9gories comme dans les sur classements.<\/p>\n<p>Voici les r\u00e9sultats des comp\u00e9titions :[\/vc_column_text][\/vc_column][\/vc_row][vc_row][vc_column][vc_single_image image=\u00a0\u00bb1360&Prime;][\/vc_column][\/vc_row][vc_row][vc_column][vc_single_image image=\u00a0\u00bb1361&Prime;][vc_column_text]Voici les photos des comp\u00e9titions :[\/vc_column_text][\/vc_column][\/vc_row][vc_row][vc_column][vc_gallery images=\u00a0\u00bb1362,1363,1364,1365,1366,1367,1368,1369,1370,1371,1372,1373,1374,1375,1376,1377,1378,1379,1380,1381,1382,1383,1384,1385,1386,1387,1388,1389,1390,1391,1392,1393,1394,1395,1396,1397,1398,1399,1400,1401,1402,1403,1404,1405,1406,1407,1408,1409,1410,1411,1412,1413,1414,1415,1416,1417,1418,1419,1420,1421,1422,1423,1424,1425,1426,1427,1428,1429,1430,1431,1432,1433,1434,1435,1436,1437,1438,1439,1440,1441,1442,1443,1444,1445,1446,1447,1448,1449,1450,1451,1452,1453,1454,1455,1456,1457,1458,1459,1460,1461,1462,1463,1464,1465,1466,1467,1468,1469,1470,1471,1472,1473,1474,1475,1476,1477,1478,1479,1480,1481,1482,1483,1484,1485,1486,1487,1488,1489,1490,1491,1492,1493,1494,1495,1496,1497,1498,1499,1500,1501,1502,1503,1504,1505,1506,1507,1508,1509,1510,1511,1512,1513,1514,1515,1516,1517,1518,1519,1520,1521,1522,1523,1524,1525,1526,1527,1528,1529,1530,1531,1532,1533,1534,1535,1536,1537,1538,1539,1540,1541,1542,1543,1544,1545,1546,1547,1548,1549,1550,1551,1552,1553,1554,1555,1556,1557,1558,1559,1560,1561,1562,1563,1564,1565,1566,1567,1568,1569,1570,1571&Prime;][vc_column_text]Et voici quelques podiums en photo :[\/vc_column_text][vc_gallery images=\u00a0\u00bb1576,1577,1578,1579,1580,1581,1582,1583,1584,1585,1586,1587,1588,1589,1590,1591,1592,1593,1594,1595,1596,1597,1598,1599,1600,1601,1602,1603,1604,1605,1606,1607&Prime;][\/vc_column][\/vc_row][vc_row][vc_column][vc_column_text]L&rsquo;\u00e9quipe technique tient \u00e0 remercier tous les b\u00e9n\u00e9voles qui ont particip\u00e9 \u00e0 l&rsquo;encadrement de la comp\u00e9tition dans l&rsquo;\u00e9quipe arbitrale comme dans la commission sportive. Sans vous, b\u00e9n\u00e9voles, nous ne pouvons pas maintenir ces comp\u00e9titions alors &#8230; Un grand merci !!![\/vc_column_text][\/vc_column][\/vc_row][vc_row][vc_column][vc_single_image image=\u00a0\u00bb1572&Prime;][\/vc_column][\/vc_row][vc_row][vc_column][vc_column_text]Le Comit\u00e9 D\u00e9partemental de la Sarthe[\/vc_column_text][\/vc_column][\/vc_row]<\/p>\n<\/div>","protected":false},"excerpt":{"rendered":"<p>[vc_row][vc_column][vc_column_text]Ce dimanche 30 novembre 2025 avait lieu les championnats et coupes d\u00e9partementales de la Sarthe. Cet \u00e9v\u00e8nement a r\u00e9uni au total 186 comp\u00e9titeurs repr\u00e9sentant 8 clubs inscrits dans leurs cat\u00e9gories comme dans les sur classements. Voici les r\u00e9sultats des comp\u00e9titions :[\/vc_column_text][\/vc_column][\/vc_row][vc_row][vc_column][vc_single_image image=\u00a0\u00bb1360&Prime;][\/vc_column][\/vc_row][vc_row][vc_column][vc_single_image image=\u00a0\u00bb1361&Prime;][vc_column_text]Voici les photos des comp\u00e9titions :[\/vc_column_text][\/vc_column][\/vc_row][vc_row][vc_column][vc_gallery images=\u00a0\u00bb1362,1363,1364,1365,1366,1367,1368,1369,1370,1371,1372,1373,1374,1375,1376,1377,1378,1379,1380,1381,1382,1383,1384,1385,1386,1387,1388,1389,1390,1391,1392,1393,1394,1395,1396,1397,1398,1399,1400,1401,1402,1403,1404,1405,1406,1407,1408,1409,1410,1411,1412,1413,1414,1415,1416,1417,1418,1419,1420,1421,1422,1423,1424,1425,1426,1427,1428,1429,1430,1431,1432,1433,1434,1435,1436,1437,1438,1439,1440,1441,1442,1443,1444,1445,1446,1447,1448,1449,1450,1451,1452,1453,1454,1455,1456,1457,1458,1459,1460,1461,1462,1463,1464,1465,1466,1467,1468,1469,1470,1471,1472,1473,1474,1475,1476,1477,1478,1479,1480,1481,1482,1483,1484,1485,1486,1487,1488,1489,1490,1491,1492,1493,1494,1495,1496,1497,1498,1499,1500,1501,1502,1503,1504,1505,1506,1507,1508,1509,1510,1511,1512,1513,1514,1515,1516,1517,1518,1519,1520,1521,1522,1523,1524,1525,1526,1527,1528,1529,1530,1531,1532,1533,1534,1535,1536,1537,1538,1539,1540,1541,1542,1543,1544,1545,1546,1547,1548,1549,1550,1551,1552,1553,1554,1555,1556,1557,1558,1559,1560,1561,1562,1563,1564,1565,1566,1567,1568,1569,1570,1571&Prime;][vc_column_text]Et voici quelques podiums en photo :[\/vc_column_text][vc_gallery [&hellip;]<\/p>\n","protected":false},"author":127,"featured_media":0,"comment_status":"open","ping_status":"open","sticky":false,"template":"","format":"standard","meta":{"footnotes":""},"categories":[5,10,1,14],"tags":[41,39,42,43,40],"class_list":["post-1357","post","type-post","status-publish","format-standard","hentry","category-actualites","category-competitions","category-non-classe","category-karate","tag-championnat","tag-competition","tag-coupe","tag-departemental","tag-kumite"],"_links":{"self":[{"href":"https:\/\/sites.ffkarate.fr\/sarthe\/wp-json\/wp\/v2\/posts\/1357","targetHints":{"allow":["GET"]}}],"collection":[{"href":"https:\/\/sites.ffkarate.fr\/sarthe\/wp-json\/wp\/v2\/posts"}],"about":[{"href":"https:\/\/sites.ffkarate.fr\/sarthe\/wp-json\/wp\/v2\/types\/post"}],"author":[{"embeddable":true,"href":"https:\/\/sites.ffkarate.fr\/sarthe\/wp-json\/wp\/v2\/users\/127"}],"replies":[{"embeddable":true,"href":"https:\/\/sites.ffkarate.fr\/sarthe\/wp-json\/wp\/v2\/comments?post=1357"}],"version-history":[{"count":4,"href":"https:\/\/sites.ffkarate.fr\/sarthe\/wp-json\/wp\/v2\/posts\/1357\/revisions"}],"predecessor-version":[{"id":1608,"href":"https:\/\/sites.ffkarate.fr\/sarthe\/wp-json\/wp\/v2\/posts\/1357\/revisions\/1608"}],"wp:attachment":[{"href":"https:\/\/sites.ffkarate.fr\/sarthe\/wp-json\/wp\/v2\/media?parent=1357"}],"wp:term":[{"taxonomy":"category","embeddable":true,"href":"https:\/\/sites.ffkarate.fr\/sarthe\/wp-json\/wp\/v2\/categories?post=1357"},{"taxonomy":"post_tag","embeddable":true,"href":"https:\/\/sites.ffkarate.fr\/sarthe\/wp-json\/wp\/v2\/tags?post=1357"}],"curies":[{"name":"wp","href":"https:\/\/api.w.org\/{rel}","templated":true}]}}