{"id":2268,"date":"2026-09-04T11:03:34","date_gmt":"2026-09-04T09:03:34","guid":{"rendered":"https:\/\/sites.ffkarate.fr\/sarthe\/?p=2268"},"modified":"2026-09-04T11:11:02","modified_gmt":"2026-09-04T09:11:02","slug":"facebook-du-cdk-72-nouvelle-page","status":"publish","type":"post","link":"https:\/\/sites.ffkarate.fr\/sarthe\/2026\/09\/04\/facebook-du-cdk-72-nouvelle-page\/","title":{"rendered":"Facebook du CDK 72 : Nouvelle page !"},"content":{"rendered":"<div class=\"wpb-content-wrapper\"><p>[vc_row][vc_column][vc_single_image image=\u00a0\u00bb2272&Prime; link=\u00a0\u00bbhttp:\/\/www.facebook.com\/profile.php?id=61593882939167&Prime; onclick=\u00a0\u00bbcustom_link\u00a0\u00bb][\/vc_column][\/vc_row][vc_row][vc_column][vc_column_text]Pour cette nouvelle saison, nous avons mis en place une nouvelle page Facebook afin de recouvrer l&rsquo;acc\u00e8s \u00e0 la diffusion d&rsquo;informations essentielles comme le retour sur les \u00e9v\u00e8nements du CDK 72 !<\/p>\n<p>Il sera mis \u00e0 jour continuellement et je vous invite \u00e0 le partager \u00e0 l&rsquo;ensemble de nos adh\u00e9rents, professseurs et clubs pour toutes les disciplines que composent notre d\u00e9partement !<\/p>\n<p>Pour y acc\u00e9der, rien de plus simple ! il suffit de cliquer sur le logo \u00ab\u00a0FaceBook\u00a0\u00bb en haut \u00e0 droite de cette page ou sur l&rsquo;image ci-dessus ![\/vc_column_text][\/vc_column][\/vc_row][vc_row][vc_column][ffk_button color=\u00a0\u00bbprimary\u00a0\u00bb size=\u00a0\u00bbbig\u00a0\u00bb link=\u00a0\u00bburl:https%3A%2F%2Fwww.facebook.com%2Fprofile.php%3Fid%3D61593882939167|title:FaceBook%20du%20D%C3%A9partement|target:_blank\u00a0\u00bb][\/vc_column][\/vc_row]<\/p>\n<\/div>","protected":false},"excerpt":{"rendered":"<p>[vc_row][vc_column][vc_single_image image=\u00a0\u00bb2272&Prime; link=\u00a0\u00bbhttp:\/\/www.facebook.com\/profile.php?id=61593882939167&Prime; onclick=\u00a0\u00bbcustom_link\u00a0\u00bb][\/vc_column][\/vc_row][vc_row][vc_column][vc_column_text]Pour cette nouvelle saison, nous avons mis en place une nouvelle page Facebook afin de recouvrer l&rsquo;acc\u00e8s \u00e0 la diffusion d&rsquo;informations essentielles comme le retour sur les \u00e9v\u00e8nements du CDK 72 ! Il sera mis \u00e0 jour continuellement et je vous invite \u00e0 le partager \u00e0 l&rsquo;ensemble de nos adh\u00e9rents, professseurs et [&hellip;]<\/p>\n","protected":false},"author":127,"featured_media":2272,"comment_status":"open","ping_status":"open","sticky":false,"template":"","format":"standard","meta":{"footnotes":""},"categories":[5,1,13],"tags":[61],"class_list":["post-2268","post","type-post","status-publish","format-standard","hentry","category-actualites","category-non-classe","category-institutionnel","tag-facebook"],"_links":{"self":[{"href":"https:\/\/sites.ffkarate.fr\/sarthe\/wp-json\/wp\/v2\/posts\/2268","targetHints":{"allow":["GET"]}}],"collection":[{"href":"https:\/\/sites.ffkarate.fr\/sarthe\/wp-json\/wp\/v2\/posts"}],"about":[{"href":"https:\/\/sites.ffkarate.fr\/sarthe\/wp-json\/wp\/v2\/types\/post"}],"author":[{"embeddable":true,"href":"https:\/\/sites.ffkarate.fr\/sarthe\/wp-json\/wp\/v2\/users\/127"}],"replies":[{"embeddable":true,"href":"https:\/\/sites.ffkarate.fr\/sarthe\/wp-json\/wp\/v2\/comments?post=2268"}],"version-history":[{"count":5,"href":"https:\/\/sites.ffkarate.fr\/sarthe\/wp-json\/wp\/v2\/posts\/2268\/revisions"}],"predecessor-version":[{"id":2275,"href":"https:\/\/sites.ffkarate.fr\/sarthe\/wp-json\/wp\/v2\/posts\/2268\/revisions\/2275"}],"wp:featuredmedia":[{"embeddable":true,"href":"https:\/\/sites.ffkarate.fr\/sarthe\/wp-json\/wp\/v2\/media\/2272"}],"wp:attachment":[{"href":"https:\/\/sites.ffkarate.fr\/sarthe\/wp-json\/wp\/v2\/media?parent=2268"}],"wp:term":[{"taxonomy":"category","embeddable":true,"href":"https:\/\/sites.ffkarate.fr\/sarthe\/wp-json\/wp\/v2\/categories?post=2268"},{"taxonomy":"post_tag","embeddable":true,"href":"https:\/\/sites.ffkarate.fr\/sarthe\/wp-json\/wp\/v2\/tags?post=2268"}],"curies":[{"name":"wp","href":"https:\/\/api.w.org\/{rel}","templated":true}]}}