{"id":5366,"date":"2024-05-27T07:55:55","date_gmt":"2024-05-27T05:55:55","guid":{"rendered":"https:\/\/sites.ffkarate.fr\/seineetmarne\/?p=5366"},"modified":"2024-05-27T08:55:54","modified_gmt":"2024-05-27T06:55:54","slug":"5366","status":"publish","type":"post","link":"https:\/\/sites.ffkarate.fr\/seineetmarne\/2024\/05\/27\/5366\/","title":{"rendered":"Remarquable cours ce mercredi 22 mai 2024 au dojo de la SEPAM KARAT\u00c9 MORET\u00a0 Christian CLAUSE 9\u00e8me Dan Expert F\u00e9d\u00e9ral"},"content":{"rendered":"<div class=\"wpb-content-wrapper\"><p>[vc_row][vc_column][vc_single_image image=\u00a0\u00bb5369&Prime;][\/vc_column][\/vc_row][vc_row][vc_column][vc_column_text]<\/p>\n<h4 style=\"text-align: center\"><strong>Excellent cours ce mercredi 22 mai 2024 au dojo de la\u00a0 SEPAM KARAT\u00c9 MORET\u00a0 avec notre\u00a0 plus haut grad\u00e9 9\u00e8me Dan du CDK77 Monsieur Christian CLAUSE.\u00a0<\/strong><\/h4>\n<h4 style=\"text-align: center\"><strong>Merci aux clubs voisins d&rsquo;\u00eatres venus et du pr\u00e9sident de l&rsquo;Yonne<\/strong><\/h4>\n<h4 style=\"text-align: center\"><strong> ( et ami) Gilles Venet .<\/strong><\/h4>\n<p>[\/vc_column_text][\/vc_column][\/vc_row]<\/p>\n<\/div>","protected":false},"excerpt":{"rendered":"<p>[vc_row][vc_column][vc_single_image image=\u00a0\u00bb5369&Prime;][\/vc_column][\/vc_row][vc_row][vc_column][vc_column_text] Excellent cours ce mercredi 22 mai 2024 au dojo de la\u00a0 SEPAM KARAT\u00c9 MORET\u00a0 avec notre\u00a0 plus haut grad\u00e9 9\u00e8me Dan du CDK77 Monsieur Christian CLAUSE.\u00a0 Merci aux clubs voisins d&rsquo;\u00eatres venus et du pr\u00e9sident de l&rsquo;Yonne ( et ami) Gilles Venet . [\/vc_column_text][\/vc_column][\/vc_row]<\/p>\n","protected":false},"author":195,"featured_media":0,"comment_status":"closed","ping_status":"closed","sticky":false,"template":"","format":"standard","meta":{"footnotes":""},"categories":[60,19],"tags":[],"class_list":["post-5366","post","type-post","status-publish","format-standard","hentry","category-cdk77","category-stages"],"_links":{"self":[{"href":"https:\/\/sites.ffkarate.fr\/seineetmarne\/wp-json\/wp\/v2\/posts\/5366","targetHints":{"allow":["GET"]}}],"collection":[{"href":"https:\/\/sites.ffkarate.fr\/seineetmarne\/wp-json\/wp\/v2\/posts"}],"about":[{"href":"https:\/\/sites.ffkarate.fr\/seineetmarne\/wp-json\/wp\/v2\/types\/post"}],"author":[{"embeddable":true,"href":"https:\/\/sites.ffkarate.fr\/seineetmarne\/wp-json\/wp\/v2\/users\/195"}],"replies":[{"embeddable":true,"href":"https:\/\/sites.ffkarate.fr\/seineetmarne\/wp-json\/wp\/v2\/comments?post=5366"}],"version-history":[{"count":10,"href":"https:\/\/sites.ffkarate.fr\/seineetmarne\/wp-json\/wp\/v2\/posts\/5366\/revisions"}],"predecessor-version":[{"id":5386,"href":"https:\/\/sites.ffkarate.fr\/seineetmarne\/wp-json\/wp\/v2\/posts\/5366\/revisions\/5386"}],"wp:attachment":[{"href":"https:\/\/sites.ffkarate.fr\/seineetmarne\/wp-json\/wp\/v2\/media?parent=5366"}],"wp:term":[{"taxonomy":"category","embeddable":true,"href":"https:\/\/sites.ffkarate.fr\/seineetmarne\/wp-json\/wp\/v2\/categories?post=5366"},{"taxonomy":"post_tag","embeddable":true,"href":"https:\/\/sites.ffkarate.fr\/seineetmarne\/wp-json\/wp\/v2\/tags?post=5366"}],"curies":[{"name":"wp","href":"https:\/\/api.w.org\/{rel}","templated":true}]}}