{"id":1015,"date":"2021-04-13T13:19:02","date_gmt":"2021-04-13T11:19:02","guid":{"rendered":"https:\/\/sites.ffkarate.fr\/seinemaritime\/?post_type=news&amp;p=1015"},"modified":"2021-04-13T13:19:02","modified_gmt":"2021-04-13T11:19:02","slug":"en-route-vers-tokyo","status":"publish","type":"post","link":"https:\/\/sites.ffkarate.fr\/seinemaritime\/2021\/04\/13\/en-route-vers-tokyo\/","title":{"rendered":"EN ROUTE VERS TOKYO !!!"},"content":{"rendered":"<div class=\"wpb-content-wrapper\"><p>[vc_row][vc_column][vc_column_text]<a href=\"https:\/\/sites.ffkarate.fr\/seinemaritime\/wp-content\/uploads\/sites\/91\/2021\/04\/172434361_4033464960038894_6282488506994759822_n-1.jpg\"><img decoding=\"async\" class=\"alignnone size-medium wp-image-1014\" src=\"https:\/\/sites.ffkarate.fr\/seinemaritime\/wp-content\/uploads\/sites\/91\/2021\/04\/172434361_4033464960038894_6282488506994759822_n-1-300x169.jpg\" alt=\"172434361_4033464960038894_6282488506994759822_n-1\" width=\"300\" height=\"169\" \/><\/a><\/p>\n<div class=\"kvgmc6g5 cxmmr5t8 oygrvhab hcukyx3x c1et5uql ii04i59q\">\n<div dir=\"auto\">J &#8211; <span class=\"pq6dq46d tbxw36s4 knj5qynh kvgmc6g5 ditlmg2l oygrvhab nvdbi5me sf5mxxl7 gl3lb2sf hhz5lgdu\"><img decoding=\"async\" src=\"https:\/\/static.xx.fbcdn.net\/images\/emoji.php\/v9\/t15\/1\/16\/36_20e3.png\" alt=\"6\u20e3\" width=\"16\" height=\"16\" \/><\/span><span class=\"pq6dq46d tbxw36s4 knj5qynh kvgmc6g5 ditlmg2l oygrvhab nvdbi5me sf5mxxl7 gl3lb2sf hhz5lgdu\"><img decoding=\"async\" src=\"https:\/\/static.xx.fbcdn.net\/images\/emoji.php\/v9\/t5b\/1\/16\/30_20e3.png\" alt=\"0\u20e3\" width=\"16\" height=\"16\" \/><\/span> Le compte \u00e0 rebours est lanc\u00e9 : la route vers Tokyo passera par Paris ! <a class=\"oajrlxb2 g5ia77u1 qu0x051f esr5mh6w e9989ue4 r7d6kgcz rq0escxv nhd2j8a9 nc684nl6 p7hjln8o kvgmc6g5 cxmmr5t8 oygrvhab hcukyx3x jb3vyjys rz4wbd8a qt6c0cv9 a8nywdso i1ao9s8h esuyzwwr f1sip0of lzcic4wl q66pz984 gpro0wi8 b1v8xokw\" href=\"https:\/\/www.facebook.com\/hashtag\/tqo?__eep__=6&amp;__cft__[0]=AZVrKCdTx8VySo0bqdfMUvujfwJr0rbQ_2iQLiDaJZCV-ouebHLxQ7Vj2HgnRLteRI9CyiESgMsRXK1ZmOe20Vfd6IgUlCODsw3ijM9Nxkcwwzfcwz0qusp1BTEwkVAA43V6Krgezvr3cAfGgsm4SfLkVmlheHKiyzitHPJHe2iYnw&amp;__tn__=*NK-y-R\" target=\"_blank\" rel=\"noopener\">#TQO<\/a><\/div>\n<\/div>\n<div class=\"o9v6fnle cxmmr5t8 oygrvhab hcukyx3x c1et5uql ii04i59q\">\n<div dir=\"auto\">Du 11 au 13 juin au Stade Pierre de Coubertin, le Tournoi de Qualification Olympique donnera les derniers tickets pour les JO cet \u00e9t\u00e9. <a class=\"oajrlxb2 g5ia77u1 qu0x051f esr5mh6w e9989ue4 r7d6kgcz rq0escxv nhd2j8a9 nc684nl6 p7hjln8o kvgmc6g5 cxmmr5t8 oygrvhab hcukyx3x jb3vyjys rz4wbd8a qt6c0cv9 a8nywdso i1ao9s8h esuyzwwr f1sip0of lzcic4wl q66pz984 gpro0wi8 b1v8xokw\" href=\"https:\/\/www.facebook.com\/hashtag\/pariskarate2021?__eep__=6&amp;__cft__[0]=AZVrKCdTx8VySo0bqdfMUvujfwJr0rbQ_2iQLiDaJZCV-ouebHLxQ7Vj2HgnRLteRI9CyiESgMsRXK1ZmOe20Vfd6IgUlCODsw3ijM9Nxkcwwzfcwz0qusp1BTEwkVAA43V6Krgezvr3cAfGgsm4SfLkVmlheHKiyzitHPJHe2iYnw&amp;__tn__=*NK-y-R\" target=\"_blank\" rel=\"noopener\">#ParisKarate2021<\/a><\/p>\n<div class=\"nc684nl6\">France Karat\u00e9<\/div>\n<\/div>\n<\/div>\n<div class=\"o9v6fnle cxmmr5t8 oygrvhab hcukyx3x c1et5uql ii04i59q\">\n<div dir=\"auto\">\n<div class=\"nc684nl6\"><a href=\"https:\/\/www.facebook.com\/RegionIledeFrance\/\" target=\"_blank\" rel=\"noopener\">R\u00e9gion Ile-de-France<\/a><\/div>\n<div class=\"nc684nl6\"><a href=\"https:\/\/www.facebook.com\/sports.gouv.fr\" target=\"_blank\" rel=\"noopener\">Minist\u00e8re des Sports<\/a><\/div>\n<div class=\"nc684nl6\"><a href=\"https:\/\/www.facebook.com\/wkfofficial\/\" target=\"_blank\" rel=\"noopener\">World Karate Federation<\/a><\/div>\n<\/div>\n<\/div>\n<p>[\/vc_column_text][\/vc_column][\/vc_row]<\/p>\n<\/div>","protected":false},"excerpt":{"rendered":"<p>[vc_row][vc_column][vc_column_text] J &#8211; Le compte \u00e0 rebours est lanc\u00e9 : la route vers Tokyo passera par Paris ! #TQO Du 11 au 13 juin au Stade Pierre de Coubertin, le Tournoi de Qualification Olympique donnera les derniers tickets pour les JO cet \u00e9t\u00e9. #ParisKarate2021 France Karat\u00e9 R\u00e9gion Ile-de-France Minist\u00e8re des Sports World Karate Federation [\/vc_column_text][\/vc_column][\/vc_row]<\/p>\n","protected":false},"author":57,"featured_media":0,"comment_status":"closed","ping_status":"closed","sticky":false,"template":"","format":"standard","meta":{"footnotes":""},"categories":[1],"tags":[],"class_list":["post-1015","post","type-post","status-publish","format-standard","hentry","category-non-classe"],"_links":{"self":[{"href":"https:\/\/sites.ffkarate.fr\/seinemaritime\/wp-json\/wp\/v2\/posts\/1015","targetHints":{"allow":["GET"]}}],"collection":[{"href":"https:\/\/sites.ffkarate.fr\/seinemaritime\/wp-json\/wp\/v2\/posts"}],"about":[{"href":"https:\/\/sites.ffkarate.fr\/seinemaritime\/wp-json\/wp\/v2\/types\/post"}],"author":[{"embeddable":true,"href":"https:\/\/sites.ffkarate.fr\/seinemaritime\/wp-json\/wp\/v2\/users\/57"}],"replies":[{"embeddable":true,"href":"https:\/\/sites.ffkarate.fr\/seinemaritime\/wp-json\/wp\/v2\/comments?post=1015"}],"version-history":[{"count":0,"href":"https:\/\/sites.ffkarate.fr\/seinemaritime\/wp-json\/wp\/v2\/posts\/1015\/revisions"}],"wp:attachment":[{"href":"https:\/\/sites.ffkarate.fr\/seinemaritime\/wp-json\/wp\/v2\/media?parent=1015"}],"wp:term":[{"taxonomy":"category","embeddable":true,"href":"https:\/\/sites.ffkarate.fr\/seinemaritime\/wp-json\/wp\/v2\/categories?post=1015"},{"taxonomy":"post_tag","embeddable":true,"href":"https:\/\/sites.ffkarate.fr\/seinemaritime\/wp-json\/wp\/v2\/tags?post=1015"}],"curies":[{"name":"wp","href":"https:\/\/api.w.org\/{rel}","templated":true}]}}