{"id":1244,"date":"2021-07-14T09:58:53","date_gmt":"2021-07-14T07:58:53","guid":{"rendered":"https:\/\/sites.ffkarate.fr\/seinemaritime\/?p=1244"},"modified":"2021-07-14T18:26:59","modified_gmt":"2021-07-14T16:26:59","slug":"karate-maman-et-enfant-okinawa-karate-club","status":"publish","type":"post","link":"https:\/\/sites.ffkarate.fr\/seinemaritime\/2021\/07\/14\/karate-maman-et-enfant-okinawa-karate-club\/","title":{"rendered":"KARATE Maman et Enfant OKINAWA KARATE CLUB"},"content":{"rendered":"<div class=\"wpb-content-wrapper\"><p>[vc_row][vc_column][vc_column_text]S\u00e9ances KARATE Maman et Enfant cet \u00e9t\u00e9 au dojo.<br \/>\nOuvert \u00e0 toutes, m\u00eame non adh\u00e9rentes. Gratuit.<br \/>\nInscrivez vous par messagerie, mail ou sms.<\/p>\n<div dir=\"auto\">\u00ab\u00a0Quartiers d&rsquo;\u00e9t\u00e9\u00a0\u00bb !<\/div>\n<div dir=\"auto\">Du Karate pour les mamans et <span style=\"color: #000000\">leurs enfants<\/span><strong><span style=\"color: #ff0000\"> (\u00e0 partir de 6 ans),du 21 Juillet au 18 ao\u00fbt, tous les mercredi \u00e0 14h au dojo.<\/span><\/strong> Ouvert \u00e0 toutes. Gratuit<\/div>\n<p><img decoding=\"async\" class=\"alignnone wp-image-1247 size-full\" src=\"https:\/\/sites.ffkarate.fr\/seinemaritime\/wp-content\/uploads\/sites\/91\/2021\/07\/215707782_10159584043161130_2247770305708919691_n.jpg\" alt=\"\" width=\"1240\" height=\"1753\" \/>[\/vc_column_text][\/vc_column][\/vc_row]<\/p>\n<\/div>","protected":false},"excerpt":{"rendered":"<p>[vc_row][vc_column][vc_column_text]S\u00e9ances KARATE Maman et Enfant cet \u00e9t\u00e9 au dojo. Ouvert \u00e0 toutes, m\u00eame non adh\u00e9rentes. Gratuit. Inscrivez vous par messagerie, mail ou sms. \u00ab\u00a0Quartiers d&rsquo;\u00e9t\u00e9\u00a0\u00bb ! Du Karate pour les mamans et leurs enfants (\u00e0 partir de 6 ans),du 21 Juillet au 18 ao\u00fbt, tous les mercredi \u00e0 14h au dojo. Ouvert \u00e0 toutes. Gratuit [&hellip;]<\/p>\n","protected":false},"author":57,"featured_media":995,"comment_status":"closed","ping_status":"closed","sticky":false,"template":"","format":"standard","meta":{"footnotes":""},"categories":[1],"tags":[],"class_list":["post-1244","post","type-post","status-publish","format-standard","hentry","category-non-classe"],"_links":{"self":[{"href":"https:\/\/sites.ffkarate.fr\/seinemaritime\/wp-json\/wp\/v2\/posts\/1244","targetHints":{"allow":["GET"]}}],"collection":[{"href":"https:\/\/sites.ffkarate.fr\/seinemaritime\/wp-json\/wp\/v2\/posts"}],"about":[{"href":"https:\/\/sites.ffkarate.fr\/seinemaritime\/wp-json\/wp\/v2\/types\/post"}],"author":[{"embeddable":true,"href":"https:\/\/sites.ffkarate.fr\/seinemaritime\/wp-json\/wp\/v2\/users\/57"}],"replies":[{"embeddable":true,"href":"https:\/\/sites.ffkarate.fr\/seinemaritime\/wp-json\/wp\/v2\/comments?post=1244"}],"version-history":[{"count":6,"href":"https:\/\/sites.ffkarate.fr\/seinemaritime\/wp-json\/wp\/v2\/posts\/1244\/revisions"}],"predecessor-version":[{"id":1251,"href":"https:\/\/sites.ffkarate.fr\/seinemaritime\/wp-json\/wp\/v2\/posts\/1244\/revisions\/1251"}],"wp:featuredmedia":[{"embeddable":true,"href":"https:\/\/sites.ffkarate.fr\/seinemaritime\/wp-json\/wp\/v2\/media\/995"}],"wp:attachment":[{"href":"https:\/\/sites.ffkarate.fr\/seinemaritime\/wp-json\/wp\/v2\/media?parent=1244"}],"wp:term":[{"taxonomy":"category","embeddable":true,"href":"https:\/\/sites.ffkarate.fr\/seinemaritime\/wp-json\/wp\/v2\/categories?post=1244"},{"taxonomy":"post_tag","embeddable":true,"href":"https:\/\/sites.ffkarate.fr\/seinemaritime\/wp-json\/wp\/v2\/tags?post=1244"}],"curies":[{"name":"wp","href":"https:\/\/api.w.org\/{rel}","templated":true}]}}