{"id":1352,"date":"2021-09-02T16:32:37","date_gmt":"2021-09-02T14:32:37","guid":{"rendered":"https:\/\/sites.ffkarate.fr\/seinemaritime\/?p=1352"},"modified":"2021-09-02T16:32:37","modified_gmt":"2021-09-02T14:32:37","slug":"bonne-rentree","status":"publish","type":"post","link":"https:\/\/sites.ffkarate.fr\/seinemaritime\/2021\/09\/02\/bonne-rentree\/","title":{"rendered":"Bonne rentr\u00e9e"},"content":{"rendered":"<div class=\"wpb-content-wrapper\"><p>[vc_row][vc_column][vc_message message_box_style=\u00a0\u00bbclassic\u00a0\u00bb message_box_color=\u00a0\u00bbalert-info\u00a0\u00bb style=\u00a0\u00bbrounded\u00a0\u00bb]<span class=\"pq6dq46d tbxw36s4 knj5qynh kvgmc6g5 ditlmg2l oygrvhab nvdbi5me sf5mxxl7 gl3lb2sf hhz5lgdu\"><img decoding=\"async\" src=\"https:\/\/static.xx.fbcdn.net\/images\/emoji.php\/v9\/td\/1\/16\/1f4bc.png\" alt=\"\ud83d\udcbc\" width=\"16\" height=\"16\" \/><\/span>\u00a0Tr\u00e8s bonne rentr\u00e9e des classes \u00e0 tous nos karat\u00e9kas, petits et grands !\u00a0<a class=\"oajrlxb2 g5ia77u1 qu0x051f esr5mh6w e9989ue4 r7d6kgcz rq0escxv nhd2j8a9 nc684nl6 p7hjln8o kvgmc6g5 cxmmr5t8 oygrvhab hcukyx3x jb3vyjys rz4wbd8a qt6c0cv9 a8nywdso i1ao9s8h esuyzwwr f1sip0of lzcic4wl q66pz984 gpro0wi8 b1v8xokw\" role=\"link\" href=\"https:\/\/www.facebook.com\/hashtag\/rentr%C3%A9escolaire2021?__eep__=6&amp;__cft__[0]=AZWVwi8_VqFU0Koh8vIyWQaDlEtfOBs-aeEGUepYdaXpn6AE_SKWkzAZXsrSFD9E8RUdFaAsAnfx95Gt3Hk7aPz7n4GQwI-45bdhBiGcRdfxTrMFvLuQOcGuC0Xotrl0PakgFHPj4vb315XQgdO9dIKAo0DlAAZnDIbM1qii5EQ7KA&amp;__tn__=*NK-y-R\" target=\"_blank\" rel=\"noopener\">#Rentr\u00e9eScolaire2021<\/a><\/p>\n<p>&nbsp;<\/p>\n<p><img decoding=\"async\" class=\"alignnone size-full wp-image-1351\" src=\"https:\/\/sites.ffkarate.fr\/seinemaritime\/wp-content\/uploads\/sites\/91\/2021\/09\/241139503_4451427281575991_9054411918733530852_n.jpg\" alt=\"\" width=\"2042\" height=\"1148\" srcset=\"https:\/\/sites.ffkarate.fr\/seinemaritime\/wp-content\/uploads\/sites\/91\/2021\/09\/241139503_4451427281575991_9054411918733530852_n.jpg 2042w, https:\/\/sites.ffkarate.fr\/seinemaritime\/wp-content\/uploads\/sites\/91\/2021\/09\/241139503_4451427281575991_9054411918733530852_n-300x169.jpg 300w, https:\/\/sites.ffkarate.fr\/seinemaritime\/wp-content\/uploads\/sites\/91\/2021\/09\/241139503_4451427281575991_9054411918733530852_n-1024x576.jpg 1024w, https:\/\/sites.ffkarate.fr\/seinemaritime\/wp-content\/uploads\/sites\/91\/2021\/09\/241139503_4451427281575991_9054411918733530852_n-768x432.jpg 768w, https:\/\/sites.ffkarate.fr\/seinemaritime\/wp-content\/uploads\/sites\/91\/2021\/09\/241139503_4451427281575991_9054411918733530852_n-1536x864.jpg 1536w\" sizes=\"(max-width: 2042px) 100vw, 2042px\" \/>[\/vc_message][\/vc_column][\/vc_row]<\/p>\n<\/div>","protected":false},"excerpt":{"rendered":"<p>[vc_row][vc_column][vc_message message_box_style=\u00a0\u00bbclassic\u00a0\u00bb message_box_color=\u00a0\u00bbalert-info\u00a0\u00bb style=\u00a0\u00bbrounded\u00a0\u00bb]\u00a0Tr\u00e8s bonne rentr\u00e9e des classes \u00e0 tous nos karat\u00e9kas, petits et grands !\u00a0#Rentr\u00e9eScolaire2021 &nbsp; [\/vc_message][\/vc_column][\/vc_row]<\/p>\n","protected":false},"author":57,"featured_media":0,"comment_status":"closed","ping_status":"closed","sticky":false,"template":"","format":"standard","meta":{"footnotes":""},"categories":[1],"tags":[],"class_list":["post-1352","post","type-post","status-publish","format-standard","hentry","category-non-classe"],"_links":{"self":[{"href":"https:\/\/sites.ffkarate.fr\/seinemaritime\/wp-json\/wp\/v2\/posts\/1352","targetHints":{"allow":["GET"]}}],"collection":[{"href":"https:\/\/sites.ffkarate.fr\/seinemaritime\/wp-json\/wp\/v2\/posts"}],"about":[{"href":"https:\/\/sites.ffkarate.fr\/seinemaritime\/wp-json\/wp\/v2\/types\/post"}],"author":[{"embeddable":true,"href":"https:\/\/sites.ffkarate.fr\/seinemaritime\/wp-json\/wp\/v2\/users\/57"}],"replies":[{"embeddable":true,"href":"https:\/\/sites.ffkarate.fr\/seinemaritime\/wp-json\/wp\/v2\/comments?post=1352"}],"version-history":[{"count":1,"href":"https:\/\/sites.ffkarate.fr\/seinemaritime\/wp-json\/wp\/v2\/posts\/1352\/revisions"}],"predecessor-version":[{"id":1353,"href":"https:\/\/sites.ffkarate.fr\/seinemaritime\/wp-json\/wp\/v2\/posts\/1352\/revisions\/1353"}],"wp:attachment":[{"href":"https:\/\/sites.ffkarate.fr\/seinemaritime\/wp-json\/wp\/v2\/media?parent=1352"}],"wp:term":[{"taxonomy":"category","embeddable":true,"href":"https:\/\/sites.ffkarate.fr\/seinemaritime\/wp-json\/wp\/v2\/categories?post=1352"},{"taxonomy":"post_tag","embeddable":true,"href":"https:\/\/sites.ffkarate.fr\/seinemaritime\/wp-json\/wp\/v2\/tags?post=1352"}],"curies":[{"name":"wp","href":"https:\/\/api.w.org\/{rel}","templated":true}]}}