{"id":1596,"date":"2021-11-14T08:54:13","date_gmt":"2021-11-14T07:54:13","guid":{"rendered":"https:\/\/sites.ffkarate.fr\/seinemaritime\/?p=1596"},"modified":"2021-11-15T14:48:04","modified_gmt":"2021-11-15T13:48:04","slug":"challenge-citoyen-du-sport-et-de-la-jeunesse","status":"publish","type":"post","link":"https:\/\/sites.ffkarate.fr\/seinemaritime\/2021\/11\/14\/challenge-citoyen-du-sport-et-de-la-jeunesse\/","title":{"rendered":"Challenge \u00ab\u00a0Citoyen du sport et de la jeunesse\u00a0\u00bb"},"content":{"rendered":"<div class=\"wpb-content-wrapper\"><p>[vc_row][vc_column][vc_column_text]<\/p>\n<div dir=\"auto\">Samedi \u00e0 Vimoutiers (dans l&rsquo;Orne) se tenait la remise des r\u00e9compenses pour le challenge \u00ab\u00a0Citoyen du sport et de la jeunesse\u00a0\u00bb auquel j&rsquo;ai eu la chance d&rsquo;y \u00eatre r\u00e9compens\u00e9 en tant qu&rsquo;arbitre b\u00e9n\u00e9vole de la ligue de Normandie et de Seine Maritime du karat\u00e9 ( Camille PICARD).<img decoding=\"async\" class=\"alignnone size-full wp-image-1595\" src=\"https:\/\/sites.ffkarate.fr\/seinemaritime\/wp-content\/uploads\/sites\/91\/2021\/11\/254889859_1039949453460430_9047005047329659335_n.jpg\" alt=\"\" width=\"1536\" height=\"2048\" \/><\/div>\n<div dir=\"auto\">Je suis tr\u00e8s reconnaissante envers les personnes qui m&rsquo;ont accompagner et qui m&rsquo;accompagne encore maintenant dans tous mes projets, un grand merci a eux<\/div>\n<div dir=\"auto\"><\/div>\n<p>[\/vc_column_text][\/vc_column][\/vc_row]<\/p>\n<\/div>","protected":false},"excerpt":{"rendered":"<p>[vc_row][vc_column][vc_column_text] Samedi \u00e0 Vimoutiers (dans l&rsquo;Orne) se tenait la remise des r\u00e9compenses pour le challenge \u00ab\u00a0Citoyen du sport et de la jeunesse\u00a0\u00bb auquel j&rsquo;ai eu la chance d&rsquo;y \u00eatre r\u00e9compens\u00e9 en tant qu&rsquo;arbitre b\u00e9n\u00e9vole de la ligue de Normandie et de Seine Maritime du karat\u00e9 ( Camille PICARD). Je suis tr\u00e8s reconnaissante envers les personnes [&hellip;]<\/p>\n","protected":false},"author":57,"featured_media":1603,"comment_status":"closed","ping_status":"closed","sticky":false,"template":"","format":"standard","meta":{"footnotes":""},"categories":[1],"tags":[],"class_list":["post-1596","post","type-post","status-publish","format-standard","hentry","category-non-classe"],"_links":{"self":[{"href":"https:\/\/sites.ffkarate.fr\/seinemaritime\/wp-json\/wp\/v2\/posts\/1596","targetHints":{"allow":["GET"]}}],"collection":[{"href":"https:\/\/sites.ffkarate.fr\/seinemaritime\/wp-json\/wp\/v2\/posts"}],"about":[{"href":"https:\/\/sites.ffkarate.fr\/seinemaritime\/wp-json\/wp\/v2\/types\/post"}],"author":[{"embeddable":true,"href":"https:\/\/sites.ffkarate.fr\/seinemaritime\/wp-json\/wp\/v2\/users\/57"}],"replies":[{"embeddable":true,"href":"https:\/\/sites.ffkarate.fr\/seinemaritime\/wp-json\/wp\/v2\/comments?post=1596"}],"version-history":[{"count":2,"href":"https:\/\/sites.ffkarate.fr\/seinemaritime\/wp-json\/wp\/v2\/posts\/1596\/revisions"}],"predecessor-version":[{"id":1598,"href":"https:\/\/sites.ffkarate.fr\/seinemaritime\/wp-json\/wp\/v2\/posts\/1596\/revisions\/1598"}],"wp:featuredmedia":[{"embeddable":true,"href":"https:\/\/sites.ffkarate.fr\/seinemaritime\/wp-json\/wp\/v2\/media\/1603"}],"wp:attachment":[{"href":"https:\/\/sites.ffkarate.fr\/seinemaritime\/wp-json\/wp\/v2\/media?parent=1596"}],"wp:term":[{"taxonomy":"category","embeddable":true,"href":"https:\/\/sites.ffkarate.fr\/seinemaritime\/wp-json\/wp\/v2\/categories?post=1596"},{"taxonomy":"post_tag","embeddable":true,"href":"https:\/\/sites.ffkarate.fr\/seinemaritime\/wp-json\/wp\/v2\/tags?post=1596"}],"curies":[{"name":"wp","href":"https:\/\/api.w.org\/{rel}","templated":true}]}}