{"id":1937,"date":"2022-01-23T12:21:26","date_gmt":"2022-01-23T11:21:26","guid":{"rendered":"https:\/\/sites.ffkarate.fr\/seinemaritime\/?p=1937"},"modified":"2022-01-23T12:24:26","modified_gmt":"2022-01-23T11:24:26","slug":"formation-departementale-afa-daf","status":"publish","type":"post","link":"https:\/\/sites.ffkarate.fr\/seinemaritime\/2022\/01\/23\/formation-departementale-afa-daf\/","title":{"rendered":"Formation d\u00e9partementale AFA\/DAF"},"content":{"rendered":"<div class=\"wpb-content-wrapper\"><p>[vc_row][vc_column][vc_column_text]Les 8 et 9 janvier 2022 s&rsquo;est tenue une session de formation d\u00e9partementale, dirig\u00e9e par notre excellentissime Jean-Guy Tournafond. Une participation marqu\u00e9e par une grande diversit\u00e9 de disciplines et styles qui font la richesse de notre F\u00e9d\u00e9ration plurielle <span class=\"pq6dq46d tbxw36s4 knj5qynh kvgmc6g5 ditlmg2l oygrvhab nvdbi5me sf5mxxl7 gl3lb2sf hhz5lgdu\"><img decoding=\"async\" src=\"https:\/\/static.xx.fbcdn.net\/images\/emoji.php\/v9\/t79\/1\/16\/1f44a.png\" alt=\"\ud83d\udc4a\" width=\"16\" height=\"16\" \/><\/span><img decoding=\"async\" class=\"alignnone size-full wp-image-1929\" src=\"https:\/\/sites.ffkarate.fr\/seinemaritime\/wp-content\/uploads\/sites\/91\/2022\/01\/269603633_3238075746415510_3407901558649316003_n-Copie.jpg\" alt=\"\" width=\"1920\" height=\"1440\" \/><img decoding=\"async\" class=\"alignnone size-full wp-image-1930\" src=\"https:\/\/sites.ffkarate.fr\/seinemaritime\/wp-content\/uploads\/sites\/91\/2022\/01\/269609071_3238075979748820_306021470331249349_n.jpg\" alt=\"\" width=\"1920\" height=\"1440\" \/><img decoding=\"async\" class=\"alignnone size-full wp-image-1931\" src=\"https:\/\/sites.ffkarate.fr\/seinemaritime\/wp-content\/uploads\/sites\/91\/2022\/01\/269668264_3238075896415495_1786761963827245203_n.jpg\" alt=\"\" width=\"1920\" height=\"1440\" \/><img decoding=\"async\" class=\"alignnone size-full wp-image-1932\" src=\"https:\/\/sites.ffkarate.fr\/seinemaritime\/wp-content\/uploads\/sites\/91\/2022\/01\/269668952_3238076073082144_2012883604597747360_n.jpg\" alt=\"\" width=\"1920\" height=\"1440\" \/><img decoding=\"async\" class=\"alignnone size-full wp-image-1933\" src=\"https:\/\/sites.ffkarate.fr\/seinemaritime\/wp-content\/uploads\/sites\/91\/2022\/01\/272280421_3238076076415477_7407333014888308851_n.jpg\" alt=\"\" width=\"1920\" height=\"1440\" \/><img decoding=\"async\" class=\"alignnone size-full wp-image-1934\" src=\"https:\/\/sites.ffkarate.fr\/seinemaritime\/wp-content\/uploads\/sites\/91\/2022\/01\/272292911_3238075949748823_884729979849867465_n.jpg\" alt=\"\" width=\"1920\" height=\"1440\" \/><img decoding=\"async\" class=\"alignnone size-full wp-image-1939\" src=\"https:\/\/sites.ffkarate.fr\/seinemaritime\/wp-content\/uploads\/sites\/91\/2022\/01\/269596865_3238075963082155_7685758776437844135_n.jpg\" alt=\"\" width=\"1920\" height=\"1440\" \/>[\/vc_column_text][\/vc_column][\/vc_row]<\/p>\n<\/div>","protected":false},"excerpt":{"rendered":"<p>[vc_row][vc_column][vc_column_text]Les 8 et 9 janvier 2022 s&rsquo;est tenue une session de formation d\u00e9partementale, dirig\u00e9e par notre excellentissime Jean-Guy Tournafond. Une participation marqu\u00e9e par une grande diversit\u00e9 de disciplines et styles qui font la richesse de notre F\u00e9d\u00e9ration plurielle [\/vc_column_text][\/vc_column][\/vc_row]<\/p>\n","protected":false},"author":57,"featured_media":1928,"comment_status":"closed","ping_status":"closed","sticky":false,"template":"","format":"standard","meta":{"footnotes":""},"categories":[11],"tags":[],"class_list":["post-1937","post","type-post","status-publish","format-standard","hentry","category-formations"],"_links":{"self":[{"href":"https:\/\/sites.ffkarate.fr\/seinemaritime\/wp-json\/wp\/v2\/posts\/1937","targetHints":{"allow":["GET"]}}],"collection":[{"href":"https:\/\/sites.ffkarate.fr\/seinemaritime\/wp-json\/wp\/v2\/posts"}],"about":[{"href":"https:\/\/sites.ffkarate.fr\/seinemaritime\/wp-json\/wp\/v2\/types\/post"}],"author":[{"embeddable":true,"href":"https:\/\/sites.ffkarate.fr\/seinemaritime\/wp-json\/wp\/v2\/users\/57"}],"replies":[{"embeddable":true,"href":"https:\/\/sites.ffkarate.fr\/seinemaritime\/wp-json\/wp\/v2\/comments?post=1937"}],"version-history":[{"count":2,"href":"https:\/\/sites.ffkarate.fr\/seinemaritime\/wp-json\/wp\/v2\/posts\/1937\/revisions"}],"predecessor-version":[{"id":1940,"href":"https:\/\/sites.ffkarate.fr\/seinemaritime\/wp-json\/wp\/v2\/posts\/1937\/revisions\/1940"}],"wp:featuredmedia":[{"embeddable":true,"href":"https:\/\/sites.ffkarate.fr\/seinemaritime\/wp-json\/wp\/v2\/media\/1928"}],"wp:attachment":[{"href":"https:\/\/sites.ffkarate.fr\/seinemaritime\/wp-json\/wp\/v2\/media?parent=1937"}],"wp:term":[{"taxonomy":"category","embeddable":true,"href":"https:\/\/sites.ffkarate.fr\/seinemaritime\/wp-json\/wp\/v2\/categories?post=1937"},{"taxonomy":"post_tag","embeddable":true,"href":"https:\/\/sites.ffkarate.fr\/seinemaritime\/wp-json\/wp\/v2\/tags?post=1937"}],"curies":[{"name":"wp","href":"https:\/\/api.w.org\/{rel}","templated":true}]}}