{"id":2231,"date":"2022-04-03T10:41:41","date_gmt":"2022-04-03T08:41:41","guid":{"rendered":"https:\/\/sites.ffkarate.fr\/seinemaritime\/?p=2231"},"modified":"2022-04-03T10:41:41","modified_gmt":"2022-04-03T08:41:41","slug":"arbitres-seinomarins","status":"publish","type":"post","link":"https:\/\/sites.ffkarate.fr\/seinemaritime\/2022\/04\/03\/arbitres-seinomarins\/","title":{"rendered":"Arbitres Seinomarins"},"content":{"rendered":"<div class=\"wpb-content-wrapper\"><p>[vc_row][vc_column][vc_column_text]F\u00e9licitations \u00e0 nos arbitres seinomarins qui ont r\u00e9ussi avec succ\u00e8s leur examen ce jour \u00e0 Rouen et qui grossissent les rangs de l&rsquo;\u00e9quipe arbitrale d\u00e9partementale. Nous avons tellement besoin de leur concours qui nous est pr\u00e9cieux.<\/p>\n<p>&nbsp;<\/p>\n<p><img decoding=\"async\" class=\"alignnone wp-image-2230 size-full\" src=\"https:\/\/sites.ffkarate.fr\/seinemaritime\/wp-content\/uploads\/sites\/91\/2022\/04\/277107961_3286091301613954_8697274997823267933_n.jpg\" alt=\"\" width=\"1824\" height=\"1368\" \/>[\/vc_column_text][\/vc_column][\/vc_row]<\/p>\n<\/div>","protected":false},"excerpt":{"rendered":"<p>[vc_row][vc_column][vc_column_text]F\u00e9licitations \u00e0 nos arbitres seinomarins qui ont r\u00e9ussi avec succ\u00e8s leur examen ce jour \u00e0 Rouen et qui grossissent les rangs de l&rsquo;\u00e9quipe arbitrale d\u00e9partementale. Nous avons tellement besoin de leur concours qui nous est pr\u00e9cieux. &nbsp; [\/vc_column_text][\/vc_column][\/vc_row]<\/p>\n","protected":false},"author":57,"featured_media":1462,"comment_status":"closed","ping_status":"closed","sticky":false,"template":"","format":"standard","meta":{"footnotes":""},"categories":[1],"tags":[],"class_list":["post-2231","post","type-post","status-publish","format-standard","hentry","category-non-classe"],"_links":{"self":[{"href":"https:\/\/sites.ffkarate.fr\/seinemaritime\/wp-json\/wp\/v2\/posts\/2231","targetHints":{"allow":["GET"]}}],"collection":[{"href":"https:\/\/sites.ffkarate.fr\/seinemaritime\/wp-json\/wp\/v2\/posts"}],"about":[{"href":"https:\/\/sites.ffkarate.fr\/seinemaritime\/wp-json\/wp\/v2\/types\/post"}],"author":[{"embeddable":true,"href":"https:\/\/sites.ffkarate.fr\/seinemaritime\/wp-json\/wp\/v2\/users\/57"}],"replies":[{"embeddable":true,"href":"https:\/\/sites.ffkarate.fr\/seinemaritime\/wp-json\/wp\/v2\/comments?post=2231"}],"version-history":[{"count":2,"href":"https:\/\/sites.ffkarate.fr\/seinemaritime\/wp-json\/wp\/v2\/posts\/2231\/revisions"}],"predecessor-version":[{"id":2233,"href":"https:\/\/sites.ffkarate.fr\/seinemaritime\/wp-json\/wp\/v2\/posts\/2231\/revisions\/2233"}],"wp:featuredmedia":[{"embeddable":true,"href":"https:\/\/sites.ffkarate.fr\/seinemaritime\/wp-json\/wp\/v2\/media\/1462"}],"wp:attachment":[{"href":"https:\/\/sites.ffkarate.fr\/seinemaritime\/wp-json\/wp\/v2\/media?parent=2231"}],"wp:term":[{"taxonomy":"category","embeddable":true,"href":"https:\/\/sites.ffkarate.fr\/seinemaritime\/wp-json\/wp\/v2\/categories?post=2231"},{"taxonomy":"post_tag","embeddable":true,"href":"https:\/\/sites.ffkarate.fr\/seinemaritime\/wp-json\/wp\/v2\/tags?post=2231"}],"curies":[{"name":"wp","href":"https:\/\/api.w.org\/{rel}","templated":true}]}}