{"id":2309,"date":"2022-05-23T17:16:40","date_gmt":"2022-05-23T15:16:40","guid":{"rendered":"https:\/\/sites.ffkarate.fr\/seinemaritime\/?p=2309"},"modified":"2022-05-23T19:47:08","modified_gmt":"2022-05-23T17:47:08","slug":"shotokan-karate-club-elbeuf-felicitations-a-cameron-qui-est-devenu-vice-champion-de-france-combats-en-benjamin-35kg-aujourdhui-a-villebon-sur-yvette-tres-beau-parcours-bravo-egalement-a-erwan-so","status":"publish","type":"post","link":"https:\/\/sites.ffkarate.fr\/seinemaritime\/2022\/05\/23\/shotokan-karate-club-elbeuf-felicitations-a-cameron-qui-est-devenu-vice-champion-de-france-combats-en-benjamin-35kg-aujourdhui-a-villebon-sur-yvette-tres-beau-parcours-bravo-egalement-a-erwan-so\/","title":{"rendered":"Shotokan Karate Club Elbeuf"},"content":{"rendered":"<div class=\"wpb-content-wrapper\"><p>[vc_row][vc_column][vc_column_text]F\u00e9licitations \u00e0 Cameron qui est devenu vice-champion de France combats en benjamin -30kg aujourd&rsquo;hui \u00e0 Villebon sur Yvette. Tr\u00e8s beau parcours. Bravo \u00e9galement \u00e0 Erwan, Sohann, Assia et Farid qui n&rsquo;ont pas d\u00e9m\u00e9rit\u00e9 et ont fait plusieurs tours.<\/p>\n<p>&nbsp;<\/p>\n<p><img decoding=\"async\" class=\"alignnone wp-image-2306 size-full\" src=\"https:\/\/sites.ffkarate.fr\/seinemaritime\/wp-content\/uploads\/sites\/91\/2022\/05\/shotokan-Elbeuf.jpg\" alt=\"\" width=\"1080\" height=\"1440\" \/><img decoding=\"async\" class=\"alignnone wp-image-2307 size-full\" src=\"https:\/\/sites.ffkarate.fr\/seinemaritime\/wp-content\/uploads\/sites\/91\/2022\/05\/281755629_5031338146942406_1374328108672333885_n.jpg\" alt=\"\" width=\"1080\" height=\"1440\" \/><img decoding=\"async\" class=\"alignnone wp-image-2308 size-full\" src=\"https:\/\/sites.ffkarate.fr\/seinemaritime\/wp-content\/uploads\/sites\/91\/2022\/05\/283080900_5031337226942498_6582463972629686653_n.jpg\" alt=\"\" width=\"720\" height=\"960\" \/>[\/vc_column_text][\/vc_column][\/vc_row]<\/p>\n<\/div>","protected":false},"excerpt":{"rendered":"<p>[vc_row][vc_column][vc_column_text]F\u00e9licitations \u00e0 Cameron qui est devenu vice-champion de France combats en benjamin -30kg aujourd&rsquo;hui \u00e0 Villebon sur Yvette. Tr\u00e8s beau parcours. Bravo \u00e9galement \u00e0 Erwan, Sohann, Assia et Farid qui n&rsquo;ont pas d\u00e9m\u00e9rit\u00e9 et ont fait plusieurs tours. &nbsp; [\/vc_column_text][\/vc_column][\/vc_row]<\/p>\n","protected":false},"author":57,"featured_media":2312,"comment_status":"closed","ping_status":"closed","sticky":false,"template":"","format":"standard","meta":{"footnotes":""},"categories":[10],"tags":[],"class_list":["post-2309","post","type-post","status-publish","format-standard","hentry","category-competitions"],"_links":{"self":[{"href":"https:\/\/sites.ffkarate.fr\/seinemaritime\/wp-json\/wp\/v2\/posts\/2309","targetHints":{"allow":["GET"]}}],"collection":[{"href":"https:\/\/sites.ffkarate.fr\/seinemaritime\/wp-json\/wp\/v2\/posts"}],"about":[{"href":"https:\/\/sites.ffkarate.fr\/seinemaritime\/wp-json\/wp\/v2\/types\/post"}],"author":[{"embeddable":true,"href":"https:\/\/sites.ffkarate.fr\/seinemaritime\/wp-json\/wp\/v2\/users\/57"}],"replies":[{"embeddable":true,"href":"https:\/\/sites.ffkarate.fr\/seinemaritime\/wp-json\/wp\/v2\/comments?post=2309"}],"version-history":[{"count":4,"href":"https:\/\/sites.ffkarate.fr\/seinemaritime\/wp-json\/wp\/v2\/posts\/2309\/revisions"}],"predecessor-version":[{"id":2314,"href":"https:\/\/sites.ffkarate.fr\/seinemaritime\/wp-json\/wp\/v2\/posts\/2309\/revisions\/2314"}],"wp:featuredmedia":[{"embeddable":true,"href":"https:\/\/sites.ffkarate.fr\/seinemaritime\/wp-json\/wp\/v2\/media\/2312"}],"wp:attachment":[{"href":"https:\/\/sites.ffkarate.fr\/seinemaritime\/wp-json\/wp\/v2\/media?parent=2309"}],"wp:term":[{"taxonomy":"category","embeddable":true,"href":"https:\/\/sites.ffkarate.fr\/seinemaritime\/wp-json\/wp\/v2\/categories?post=2309"},{"taxonomy":"post_tag","embeddable":true,"href":"https:\/\/sites.ffkarate.fr\/seinemaritime\/wp-json\/wp\/v2\/tags?post=2309"}],"curies":[{"name":"wp","href":"https:\/\/api.w.org\/{rel}","templated":true}]}}