{"id":2328,"date":"2022-06-05T11:13:06","date_gmt":"2022-06-05T09:13:06","guid":{"rendered":"https:\/\/sites.ffkarate.fr\/seinemaritime\/?p=2328"},"modified":"2022-06-05T11:13:06","modified_gmt":"2022-06-05T09:13:06","slug":"shotokan-karate-club-elbeuf-2","status":"publish","type":"post","link":"https:\/\/sites.ffkarate.fr\/seinemaritime\/2022\/06\/05\/shotokan-karate-club-elbeuf-2\/","title":{"rendered":"Shotokan Karate Club Elbeuf"},"content":{"rendered":"<div class=\"wpb-content-wrapper\"><p>[vc_row][vc_column][vc_column_text]<\/p>\n<div class=\"oajrlxb2 g5ia77u1 qu0x051f esr5mh6w e9989ue4 r7d6kgcz rq0escxv nhd2j8a9 nc684nl6 p7hjln8o kvgmc6g5 cxmmr5t8 oygrvhab hcukyx3x jb3vyjys rz4wbd8a qt6c0cv9 a8nywdso i1ao9s8h esuyzwwr f1sip0of lzcic4wl\" role=\"button\">F\u00e9licitations<\/div>\n<div class=\"n00je7tq arfg74bv qs9ysxi8 k77z8yql i09qtzwb n7fi1qx3 b5wmifdl hzruof5a pmk7jnqg j9ispegn kr520xx4 c5ndavph art1omkt ot9fgl3s rnr61an3\" data-visualcompletion=\"ignore\"><\/div>\n<p>Gr\u00e9goire pour cette belle performance en Coupe de France zone nord. Une 2\u00e8me place qui r\u00e9compense tr\u00e8s justement les efforts consacr\u00e9s ces derniers mois. Bravo \u00e0 Carim, son coach, pour son soutien et ses conseils avis\u00e9s <img decoding=\"async\" class=\"alignnone wp-image-2324 size-full\" src=\"https:\/\/sites.ffkarate.fr\/seinemaritime\/wp-content\/uploads\/sites\/91\/2022\/06\/285772860_3123059577906550_2315236107923392723_n.jpg\" alt=\"\" width=\"2048\" height=\"1536\" \/><img decoding=\"async\" class=\"alignnone wp-image-2326 size-full\" src=\"https:\/\/sites.ffkarate.fr\/seinemaritime\/wp-content\/uploads\/sites\/91\/2022\/06\/285910622_3123059627906545_9077314354043784881_n.jpg\" alt=\"\" width=\"2048\" height=\"1536\" \/><img decoding=\"async\" class=\"alignnone wp-image-2325 size-full\" src=\"https:\/\/sites.ffkarate.fr\/seinemaritime\/wp-content\/uploads\/sites\/91\/2022\/06\/285797852_3123059657906542_7097978780206904430_n.jpg\" alt=\"\" width=\"1536\" height=\"2048\" \/>[\/vc_column_text][\/vc_column][\/vc_row]<\/p>\n<\/div>","protected":false},"excerpt":{"rendered":"<p>[vc_row][vc_column][vc_column_text] F\u00e9licitations Gr\u00e9goire pour cette belle performance en Coupe de France zone nord. Une 2\u00e8me place qui r\u00e9compense tr\u00e8s justement les efforts consacr\u00e9s ces derniers mois. Bravo \u00e0 Carim, son coach, pour son soutien et ses conseils avis\u00e9s [\/vc_column_text][\/vc_column][\/vc_row]<\/p>\n","protected":false},"author":57,"featured_media":2312,"comment_status":"closed","ping_status":"closed","sticky":false,"template":"","format":"standard","meta":{"footnotes":""},"categories":[10],"tags":[],"class_list":["post-2328","post","type-post","status-publish","format-standard","hentry","category-competitions"],"_links":{"self":[{"href":"https:\/\/sites.ffkarate.fr\/seinemaritime\/wp-json\/wp\/v2\/posts\/2328","targetHints":{"allow":["GET"]}}],"collection":[{"href":"https:\/\/sites.ffkarate.fr\/seinemaritime\/wp-json\/wp\/v2\/posts"}],"about":[{"href":"https:\/\/sites.ffkarate.fr\/seinemaritime\/wp-json\/wp\/v2\/types\/post"}],"author":[{"embeddable":true,"href":"https:\/\/sites.ffkarate.fr\/seinemaritime\/wp-json\/wp\/v2\/users\/57"}],"replies":[{"embeddable":true,"href":"https:\/\/sites.ffkarate.fr\/seinemaritime\/wp-json\/wp\/v2\/comments?post=2328"}],"version-history":[{"count":2,"href":"https:\/\/sites.ffkarate.fr\/seinemaritime\/wp-json\/wp\/v2\/posts\/2328\/revisions"}],"predecessor-version":[{"id":2330,"href":"https:\/\/sites.ffkarate.fr\/seinemaritime\/wp-json\/wp\/v2\/posts\/2328\/revisions\/2330"}],"wp:featuredmedia":[{"embeddable":true,"href":"https:\/\/sites.ffkarate.fr\/seinemaritime\/wp-json\/wp\/v2\/media\/2312"}],"wp:attachment":[{"href":"https:\/\/sites.ffkarate.fr\/seinemaritime\/wp-json\/wp\/v2\/media?parent=2328"}],"wp:term":[{"taxonomy":"category","embeddable":true,"href":"https:\/\/sites.ffkarate.fr\/seinemaritime\/wp-json\/wp\/v2\/categories?post=2328"},{"taxonomy":"post_tag","embeddable":true,"href":"https:\/\/sites.ffkarate.fr\/seinemaritime\/wp-json\/wp\/v2\/tags?post=2328"}],"curies":[{"name":"wp","href":"https:\/\/api.w.org\/{rel}","templated":true}]}}