{"id":2363,"date":"2022-07-03T13:37:27","date_gmt":"2022-07-03T11:37:27","guid":{"rendered":"https:\/\/sites.ffkarate.fr\/seinemaritime\/?p=2363"},"modified":"2022-07-03T13:40:32","modified_gmt":"2022-07-03T11:40:32","slug":"un-nouveau-club-de-krav-maga-en-seine-maritime","status":"publish","type":"post","link":"https:\/\/sites.ffkarate.fr\/seinemaritime\/2022\/07\/03\/un-nouveau-club-de-krav-maga-en-seine-maritime\/","title":{"rendered":"Un nouveau club de Krav Maga en Seine-Maritime"},"content":{"rendered":"<div class=\"wpb-content-wrapper\"><p>[vc_row][vc_column][vc_column_text]Merci \u00e0 Christian Lecerf, Maire de Darn\u00e9tal, qui nous a rendu visite hier \u00e0 l&rsquo;occasion de la f\u00eate du sport, au bois du Roule. Le Dynamic Krav Maga 76 est associ\u00e9 \u00e0 la ville, cet \u00e9t\u00e9, dans quelques projets et sera pr\u00e9sent \u00e0 la journ\u00e9e des associations le 3 septembre !<img decoding=\"async\" class=\"alignnone wp-image-2360 size-full\" src=\"https:\/\/sites.ffkarate.fr\/seinemaritime\/wp-content\/uploads\/sites\/91\/2022\/07\/291980912_112383841525553_6967163977036994116_n.jpg\" alt=\"\" width=\"526\" height=\"1168\" \/>[\/vc_column_text][\/vc_column][\/vc_row]<\/p>\n<\/div>","protected":false},"excerpt":{"rendered":"<p>[vc_row][vc_column][vc_column_text]Merci \u00e0 Christian Lecerf, Maire de Darn\u00e9tal, qui nous a rendu visite hier \u00e0 l&rsquo;occasion de la f\u00eate du sport, au bois du Roule. Le Dynamic Krav Maga 76 est associ\u00e9 \u00e0 la ville, cet \u00e9t\u00e9, dans quelques projets et sera pr\u00e9sent \u00e0 la journ\u00e9e des associations le 3 septembre ![\/vc_column_text][\/vc_column][\/vc_row]<\/p>\n","protected":false},"author":57,"featured_media":68,"comment_status":"closed","ping_status":"closed","sticky":false,"template":"","format":"standard","meta":{"footnotes":""},"categories":[17],"tags":[],"class_list":["post-2363","post","type-post","status-publish","format-standard","hentry","category-krav-maga"],"_links":{"self":[{"href":"https:\/\/sites.ffkarate.fr\/seinemaritime\/wp-json\/wp\/v2\/posts\/2363","targetHints":{"allow":["GET"]}}],"collection":[{"href":"https:\/\/sites.ffkarate.fr\/seinemaritime\/wp-json\/wp\/v2\/posts"}],"about":[{"href":"https:\/\/sites.ffkarate.fr\/seinemaritime\/wp-json\/wp\/v2\/types\/post"}],"author":[{"embeddable":true,"href":"https:\/\/sites.ffkarate.fr\/seinemaritime\/wp-json\/wp\/v2\/users\/57"}],"replies":[{"embeddable":true,"href":"https:\/\/sites.ffkarate.fr\/seinemaritime\/wp-json\/wp\/v2\/comments?post=2363"}],"version-history":[{"count":3,"href":"https:\/\/sites.ffkarate.fr\/seinemaritime\/wp-json\/wp\/v2\/posts\/2363\/revisions"}],"predecessor-version":[{"id":2366,"href":"https:\/\/sites.ffkarate.fr\/seinemaritime\/wp-json\/wp\/v2\/posts\/2363\/revisions\/2366"}],"wp:featuredmedia":[{"embeddable":true,"href":"https:\/\/sites.ffkarate.fr\/seinemaritime\/wp-json\/wp\/v2\/media\/68"}],"wp:attachment":[{"href":"https:\/\/sites.ffkarate.fr\/seinemaritime\/wp-json\/wp\/v2\/media?parent=2363"}],"wp:term":[{"taxonomy":"category","embeddable":true,"href":"https:\/\/sites.ffkarate.fr\/seinemaritime\/wp-json\/wp\/v2\/categories?post=2363"},{"taxonomy":"post_tag","embeddable":true,"href":"https:\/\/sites.ffkarate.fr\/seinemaritime\/wp-json\/wp\/v2\/tags?post=2363"}],"curies":[{"name":"wp","href":"https:\/\/api.w.org\/{rel}","templated":true}]}}